{"id":1109,"date":"2020-04-10T15:38:06","date_gmt":"2020-04-10T14:38:06","guid":{"rendered":"http:\/\/psychosynthese.fr\/?p=1109"},"modified":"2020-04-30T14:05:15","modified_gmt":"2020-04-30T13:05:15","slug":"lacher-prise-scan-corporel","status":"publish","type":"post","link":"https:\/\/psychosynthese.fr\/index.php\/2020\/04\/10\/lacher-prise-scan-corporel\/","title":{"rendered":"M\u00e9ditations avec Elisabetta Maggi"},"content":{"rendered":"\n<p>Lorsque nous traversons une situation difficile, que nous ne r\u00e9ussissons plus \u00e0 asseoir notre raisonnement sur cette base solide qui se trouve en notre \u00ab\u00a0Centre\u00a0\u00bb, le Soi, certaines m\u00e9ditations nous aident \u00e0 retrouver la s\u00e9r\u00e9nit\u00e9 n\u00e9cessaire et \u00e0 faire dispara\u00eetre ces nuages de perturbations et ombres de souffrances qui occultent la lumi\u00e8re en nous.<\/p>\n\n\n\n<p>Elisabetta Maggi nous offre ces m\u00e9ditations que nous pouvons \u00e9couter, vivre plusieurs fois par jour. Retrouver le souffle en nous qui laisse libre place \u00e0 une cr\u00e9ativit\u00e9 positive pour mieux r\u00e9agir aux \u00e9v\u00e9nements douloureux aux \u00e9motions qui semblent vouloir nous contraindre et nous font penser que nous n&rsquo;avons plus de choix&#8230;.<\/p>\n\n\n\n<p>En fait il en est tout autrement, et la libert\u00e9 d&rsquo;\u00eatre peut se r\u00e9inventer et nous surprendre !<\/p>\n\n\n\n<figure class=\"wp-block-table\">\n<table height=\"100%\" border=\"1\">\n  <tbody>\n    <tr>\n      <td rowspan=\"2\" width=\"14%\"><div align=\"center\"><img loading=\"lazy\" decoding=\"async\" width=\"2560\" height=\"1920\" class=\"wp-image-1102\" style=\"width: 90%;\" src=\"http:\/\/psychosynthese.fr\/wp-content\/uploads\/2020\/04\/fleur-scaled.jpg\" alt=\"\" srcset=\"https:\/\/psychosynthese.fr\/wp-content\/uploads\/2020\/04\/fleur-scaled.jpg 2560w, https:\/\/psychosynthese.fr\/wp-content\/uploads\/2020\/04\/fleur-300x225.jpg 300w, https:\/\/psychosynthese.fr\/wp-content\/uploads\/2020\/04\/fleur-1024x768.jpg 1024w, https:\/\/psychosynthese.fr\/wp-content\/uploads\/2020\/04\/fleur-768x576.jpg 768w, https:\/\/psychosynthese.fr\/wp-content\/uploads\/2020\/04\/fleur-1536x1152.jpg 1536w, https:\/\/psychosynthese.fr\/wp-content\/uploads\/2020\/04\/fleur-2048x1536.jpg 2048w\" sizes=\"auto, (max-width: 2560px) 100vw, 2560px\" \/><\/div><\/td>\n      <td width=\"36%\"><div align=\"left\"><strong>M\u00e9ditation sur le L\u00e2cher-prise<\/strong><br>\n        <\/div><\/td>\n      <td width=\"50%\"><div align=\"center\">\n        <p><a href=\"http:\/\/psychosynthese.fr\/wp-content\/uploads\/2020\/04\/Me\u0301ditation-La\u0302cher-Prise-Courte.mp3\" target=\"_blank\" rel=\"noreferrer noopener\">&gt;&gt;&gt; Ecouter le m\u00e9ditation<\/a> <br>(en fran\u00e7ais : 10,35 mn) <\/p>\n           <p><a href=\"http:\/\/psychosynthese.fr\/wp-content\/uploads\/2020\/04\/Meditazione-Lasciare-Andare.mp3\" target=\"_blank\" rel=\"noreferrer noopener\">&gt;&gt;&gt; Ecouter le m\u00e9ditation<\/a><br> (en italien : 11,15 mn) <\/p>\n   \n\t   \n      <\/div><\/td>\n    <\/tr>\n    <tr>\n      <td colspan=\"2\" height=\"178\"><p>Il s\u2019agit d\u2019une m\u00e9ditation que vous pouvez pratiquer partout et \u00e0 tout moment. Elle a \u00e9t\u00e9 utilis\u00e9e avec succ\u00e8s pour la r\u00e9gulation de la peur et de l\u2019anxi\u00e9t\u00e9 \u00e0 New York sur des personnes qui avaient fait l\u2019exp\u00e9rience des attaques terroristes du 11 Septembre et qui depuis avaient peur de prendre un ascenseur ou un escalator. Vous pouvez l\u2019utiliser chaque fois que vous sentez poindre l\u2019anxi\u00e9t\u00e9 ou la nervosit\u00e9. C\u2019est une bonne fa\u00e7on de vous calmer pour vous sentir mieux.<br>\n        <br>\n        Cette m\u00e9ditation \u00e9labor\u00e9e par Elisabetta Maggi est une adaptation de la version LET GO (Hungtinton m\u00e9ditation and Imagery center New York )<\/p>\n      <\/td>\n    <\/tr>\n    <tr>\n      <td rowspan=\"2\" width=\"14%\"><div align=\"center\"><img loading=\"lazy\" decoding=\"async\" width=\"2560\" height=\"1920\" class=\"wp-image-1104\" style=\"width: 90%;\" src=\"http:\/\/psychosynthese.fr\/wp-content\/uploads\/2020\/04\/IMG_4597-scaled.jpeg\" alt=\"\" srcset=\"https:\/\/psychosynthese.fr\/wp-content\/uploads\/2020\/04\/IMG_4597-scaled.jpeg 2560w, https:\/\/psychosynthese.fr\/wp-content\/uploads\/2020\/04\/IMG_4597-300x225.jpeg 300w, https:\/\/psychosynthese.fr\/wp-content\/uploads\/2020\/04\/IMG_4597-1024x768.jpeg 1024w, https:\/\/psychosynthese.fr\/wp-content\/uploads\/2020\/04\/IMG_4597-768x576.jpeg 768w, https:\/\/psychosynthese.fr\/wp-content\/uploads\/2020\/04\/IMG_4597-1536x1152.jpeg 1536w, https:\/\/psychosynthese.fr\/wp-content\/uploads\/2020\/04\/IMG_4597-2048x1536.jpeg 2048w\" sizes=\"auto, (max-width: 2560px) 100vw, 2560px\" \/><\/div><\/td>\n      <td width=\"36%\" height=\"75\"><div align=\"left\"><strong>M\u00e9ditation du souffle<\/strong> (21mn)<br>\n        <\/div><\/td>\n      <td><div align=\"center\"><a href=\"http:\/\/psychosynthese.fr\/wp-content\/uploads\/2020\/04\/Meditation-du-Souffle.mp3\" target=\"_blank\" rel=\"noreferrer noopener\">&gt;&gt;&gt; Ecouter le m\u00e9ditation<\/a><\/div><\/td>\n    <\/tr>\n    <tr>\n      <td colspan=\"2\">La m\u00e9ditation du souffle est \u00e0 la base de la pratique m\u00e9ditative .Le souffle est comme une encre qui vous ram\u00e8ne au pr\u00e9sent .Quand vous \u00eates attentif au souffle vous \u00eates dans le pr\u00e9sent et si votre esprit vagabonde dans des pens\u00e9es ,\u00e9motions vous pouvez toujours revenir \u00e0 votre souffle.<\/td>\n    <\/tr>\n    <tr>\n      <td rowspan=\"2\" width=\"14%\"><div align=\"center\"><img loading=\"lazy\" decoding=\"async\" width=\"259\" height=\"194\" class=\"wp-image-1103\" style=\"width: 90%;\" src=\"http:\/\/psychosynthese.fr\/wp-content\/uploads\/2020\/04\/images.jpg\" alt=\"\"><\/div><\/td>\n      <td width=\"36%\"><div align=\"left\"><strong>M\u00e9ditation sur le \u00ab\u00a0scan corporel\u00a0\u00bb<\/strong> (38mn)<\/div><\/td>\n      <td><div align=\"center\"><a href=\"http:\/\/psychosynthese.fr\/wp-content\/uploads\/2020\/04\/Meditation-Scan-Corporel10Avril.mp3\" target=\"_blank\" rel=\"noreferrer noopener\">&gt;&gt;&gt; Ecouter le m\u00e9ditation<\/a><\/div><\/td>\n    <\/tr>\n    <tr>\n      <td colspan=\"2\" height=\"61\"><p>Le body scan ou balayage corporel, est une pratique formelle de m\u00e9ditation essentielle. <br>\n          C\u2019est aussi une pratique de sant\u00e9 qui s\u2019appuie sur la connexion corps\/esprit, d\u00e9terminante pour la r\u00e9duction du stress et la gestion des pens\u00e9es et des \u00e9motions. <br>\n      Les body scan agit comme un interrupteur de stress, des pens\u00e9es, des \u00e9motions, car vous \u00eates \u00e0 ce moment-l\u00e0 conduit \u00e0 vous focaliser sur les diff\u00e9rentes parties de votre corps et, \u00e0 la fin, sur votre corps dans son entier. Cette pratique est tr\u00e8s int\u00e9ressante, car elle permet de l\u00e2cher les pens\u00e9es pour vous concentrer sur le corps et son ressenti. <\/p>\n      <p><a href=\"http:\/\/psychosynthese.fr\/wp-content\/uploads\/2020\/04\/Bienfaits-Body-Scan.pdf\" target=\"_blank\" rel=\"noopener noreferrer\">&gt;&gt;&gt; En savoir plus <\/a><\/p><\/td>\n    <\/tr>\n  <\/tbody>\n<\/table>\n<\/figure>\n\n\n\n<p><\/p>\n\n\n\n<p>Autorisez-vous \u00e0 vivre plusieurs fois, quotidiennement ces m\u00e9ditations afin de percevoir en vous un changement positif et durable.<\/p>\n\n\n\n<h4 class=\"wp-block-heading\">Qui est Elisabetta Maggi ?<\/h4>\n\n\n\n<p>Th\u00e9rapeute Familiale, Instructrice de M\u00e9ditation Pleine Conscience, Life Coach, elle est instructrice MBCT.<\/p>\n\n\n\n<p>Elle propose des ateliers au sein des entreprises, des institutions, des h\u00f4pitaux pour le personnel et les patients.&nbsp; Elle travaille en profession lib\u00e9rale \u00e0 Paris (17<sub>\u00e8me<\/sub>)&nbsp;<\/p>\n\n\n\n<p>Elisabetta propose des ateliers ainsi que des s\u00e9ances individuelles de m\u00e9ditation et de psychoth\u00e9rapie o\u00f9 elle int\u00e8gre la pratique de la m\u00e9ditation pleine conscience, la psychosynth\u00e8se et le coaching de vie. Elle s&rsquo;adresse aux adultes, adolescents, enfants et familles. <strong>&nbsp;<\/strong><\/p>\n\n\n\n<p>Consulter son site pour plus d\u2019informations : <a rel=\"noreferrer noopener\" href=\"http:\/\/www.elisabettamaggilifecoaching.com\/\" target=\"_blank\">http:\/\/www.elisabettamaggilifecoaching.com\/<\/a><\/p>\n\n\n\n<h4 class=\"wp-block-heading\">Si vous le souhaitez, voici un article que propose Elisabetta Maggi sur la m\u00e9ditation :<\/h4>\n\n\n\n<p><strong>Qu&rsquo;est-ce que la m\u00e9ditation pleine conscience ?<\/strong><\/p>\n\n\n\n<p>Il s&rsquo;agit ici de porter son attention juste sur l&rsquo;instant pr\u00e9sent.<\/p>\n\n\n\n<p>La m\u00e9ditation de pleine conscience est pratiqu\u00e9e depuis des mill\u00e9naires par les bouddhistes. Elle vise \u00e0 pacifier, \u00e0 purifier le corps et l&rsquo;esprit pour permettre d&rsquo;all\u00e9ger la souffrance. Elle vise une transformation personnelle.<\/p>\n\n\n\n<p>Dans le bouddhisme, on apprend \u00e0 regarder le corps comme un aspect, l&rsquo;esprit comme un aspect: telle une pi\u00e8ce de monnaie comporte deux facettes : Pile et Face.<\/p>\n\n\n\n<p>S&rsquo;occuper du corps, c&rsquo;est s&rsquo;occuper de son esprit; s&rsquo;occuper de son esprit, c&rsquo;est s&rsquo;occuper du corps dans l&rsquo;interd\u00e9pendance et l&rsquo;unit\u00e9.<\/p>\n\n\n\n<p>Plus r\u00e9cemment, la m\u00e9ditation a \u00e9t\u00e9 la\u00efcis\u00e9e en Occident et est ainsi devenue une pratique pour tous, gr\u00e2ce \u00e0 l&rsquo;orientation propos\u00e9e par le Dr Kabat-Zinn et toutes les exp\u00e9rimentations scientifiques valid\u00e9es. La pleine conscience est sortie des monast\u00e8res bouddhistes pour aller vers tous les la\u00efcs. La m\u00e9ditation est une mani\u00e8re d&rsquo;\u00eatre, une fa\u00e7on de voir dans la profondeur de soi et de son corps, de comprendre \u201cla nature de son esprit\u201d dans sa vie.<\/p>\n\n\n\n<h4 class=\"wp-block-heading\">Les apports des neurosciences<\/h4>\n\n\n\n<p>La m\u00e9ditation de pleine conscience n&rsquo;est pas nouvelle: elle vient du bouddhisme, dont l&rsquo;origine remonte au Ve si\u00e8cle avant J\u00e9sus-Christ. Mais l\u2019int\u00e9r\u00eat des bouddhistes pour les sciences et des scientifiques pour les pratiques bouddhistes a chang\u00e9 la donne.<\/p>\n\n\n\n<p>Les recherches scientifiques sur les neurosciences apportent une foule de raisons pour commencer \u00e0 m\u00e9diter : la m\u00e9ditation a des effets sur notre sant\u00e9, notre psychisme, nos comportements, nos relations aux autres.<\/p>\n\n\n\n<p>Cette approche a \u00e9t\u00e9 test\u00e9e en laboratoire et on ne compte pas moins de 500 recherches et de nombreuses \u00e9tudes cliniques sur ce th\u00e8me!<\/p>\n\n\n\n<p>Voici les principaux pr\u00e9curseurs qui ont favoris\u00e9 le d\u00e9veloppement de la m\u00e9ditation de pleine conscience et les recherches dans ce domaine:&nbsp; Jon Kabat-Zinn, professeur \u00e9m\u00e9rite de m\u00e9decine, a fond\u00e9 la Clinique de r\u00e9duction du stress du Centre hospitalier du Massachusetts, en 1979, devenue maintenant le CFM (Center for Mindfulness in Medecine, Health Care, and Society).&nbsp; Il y a cr\u00e9\u00e9 et test\u00e9 l<strong>e programme de r\u00e9duction du stress bas\u00e9e sur la pleine conscience : MBSR <\/strong>(Mindfulness-Based Stress Reduction). A ce jour plus de 17000 personnes ont suivi ce programme d&rsquo;\u00e9ducation pour \u201cprendre soin de soi\u201d et plus de 5000 m\u00e9decins et professionnels de la sant\u00e9 dans le monde s&rsquo;y r\u00e9f\u00e8rent.<\/p>\n\n\n\n<p><strong>Richard J. Davidson<\/strong> est professeur de psychologie et de psychiatrie, enseignant \u00e0 l&rsquo;Universit\u00e9 du Wisconsin \u00e0 Madison. Il est \u00e9galement le fondateur et pr\u00e9sident du Center for Investigating Healthy Minds, un laboratoire de recherche universitaire.<\/p>\n\n\n\n<p>Il a d\u00e9couvert qu\u2019en m\u00e9ditation, l<strong>e cerveau pr\u00e9frontal gauche s&rsquo;active<\/strong>, entra\u00eenant une multitude d&rsquo;effets : calmer le cerveau limbique, responsable des \u00e9motions, en particulier l\u2019amygdale c\u00e9r\u00e9brale, provoquant une inhibition des circuits hormonaux du stress et une action sur l&rsquo;humeur et sur la douleur chronique.<\/p>\n\n\n\n<p>Lorsque nous \u00e9prouvons des \u00e9motions d\u00e9sagr\u00e9ables (anxi\u00e9t\u00e9, peur, tristesse), nous excitons une zone du cerveau pr\u00e9frontal droit et l\u2019amygdale qui d\u00e9clenche alors une hyper vigilance et les hormone du stress (adr\u00e9naline et cortisol).<\/p>\n\n\n\n<p>Richard j Davidson a souvent travaill\u00e9, pour ses exp\u00e9rimentations, avec les moines bouddhistes dont Matthieu Ricard, proche du Dala\u00ef-Lama, ancien chercheur en biologie.<\/p>\n\n\n\n<p>Chez les grands m\u00e9ditants, Richard J. Davidson s&rsquo;est rendu compte que les zones de l&rsquo;h\u00e9misph\u00e8re gauche impliqu\u00e9es dans la bonne humeur fonctionnent m\u00eame en dehors des pratiques spirituelles:&nbsp; elles s&rsquo;allument en permanence. Il semblerait que leur optimisme et leur pacifisme soient le fruit de cet entra\u00eenement mental. Avec le programme MBSR et la m\u00e9ditation pleine conscience, on peut donc apprendre \u00e0 devenir plus joyeux et tol\u00e9rant.<\/p>\n\n\n\n<p><strong>Daniel Goleman<\/strong> est un psychologue am\u00e9ricain, dipl\u00f4m\u00e9 de Harvard, docteur en psychologie clinique et d\u00e9veloppement personnel. Il a d\u00e9velopp\u00e9 le concept d&rsquo;<strong>intelligence \u00e9motionnelle<\/strong> et son apport a \u00e9t\u00e9 consid\u00e9rable sur le fonctionnement \u00e9motionnel.<\/p>\n\n\n\n<p>Apr\u00e8s les \u00e9tudes cliniques du programme MBSR de Jon Kabat-Zinn les cognitivistes <strong>Zindel Segal,<\/strong> <strong>John Teasdale et Mark Williams<\/strong> ont \u00e9labor\u00e9 un programme de th\u00e9rapie cognitive bas\u00e9e sur la confiance:&nbsp; le <strong>MBCT<\/strong> (Mindfulness-Based Cognitive Therapy),&nbsp; pour la pr\u00e9vention des rechutes d\u00e9pressive ainsi que pour la r\u00e9gulation des \u00e9motions. Des \u00e9tudes valid\u00e9es ont montr\u00e9 le taux de rechute diminuer de 50 %. Il s&rsquo;agit d&rsquo;un programme issu de la MBSR qui int\u00e8gre des \u00e9l\u00e9ments de th\u00e9rapie cognitive et comportementale pour la pr\u00e9vention de l&rsquo;anxi\u00e9t\u00e9 et de la d\u00e9pression.&nbsp;<\/p>\n\n\n\n<p>Actuellement, le <strong>Mind and Life Institute<\/strong> suit la voie des applications m\u00e9dicales de la m\u00e9ditation, notamment en ce qui concerne les maladies mentales. Cette d\u00e9marche se rapproche de celle de Mario Beauregard et d&rsquo;Antoine Lutz sur l&rsquo;impact de l&rsquo;esprit sur le cerveau. Matthieu Ricard, &nbsp;Richard Davidson,&nbsp; Jon Kabat-Zinn,&nbsp; Daniel Goleman font partie du conseil d&rsquo;administration de cet institut.<\/p>\n\n\n\n<p>Aux \u00c9tats-Unis, plus de 200 h\u00f4pitaux ont int\u00e9gr\u00e9 les pratiques de pleine conscience aupr\u00e8s de leurs malades.<\/p>\n\n\n\n<p>En France,&nbsp; <strong>Christophe Andr\u00e9<\/strong>, psychiatre reconnu, d\u00e9veloppe le programme MBCT \u00e0 l\u2019h\u00f4pital Sainte-Anne.&nbsp; <strong>Antoine Lutz<\/strong>, chercheur \u00e0 l&rsquo;INSERM de Lyon, travaille sur l&rsquo;impact des th\u00e9rapies m\u00e9ditatives sur la d\u00e9pression et la douleur. De nombreux h\u00f4pitaux commencent \u00e0 s&rsquo;int\u00e9resser \u00e0 la pratique m\u00e9ditative.&nbsp; Rappelons que la France est le premier pays consommateur d&rsquo;anxiolytiques et d&rsquo;antid\u00e9presseurs.&nbsp;<\/p>\n\n\n\n<p>Au centre de Richard Davidson, \u00e0 Madison,&nbsp; des \u00e9tudes sur la m\u00e9ditation dans l&rsquo;\u00e9ducation ont commenc\u00e9 \u00e0 mesurer l&rsquo;impact de la m\u00e9ditation chez les enfants, et sur la qualit\u00e9 de l&rsquo;enseignement quand les enseignants&nbsp; se sont familiaris\u00e9s avec ces pratiques.&nbsp;<\/p>\n\n\n\n<p>Lien sur les bienfaits de la m\u00e9ditation sur notre Sant\u00e9.<\/p>\n\n\n\n<p><a href=\"https:\/\/www.centrepleineconscience.fr\/tag\/effets-meditation\">https:\/\/www.centrepleineconscience.fr\/tag\/effets-meditation<\/a><\/p>\n\n\n\n<p><strong>M\u00e9diter, \u00e0 quoi \u00e7a sert ?<\/strong><\/p>\n\n\n\n<p>&nbsp;Pour les bouddhistes,&nbsp; la m\u00e9ditation de pleine conscience n&rsquo;a pas d&rsquo;objectif. On ne cherche pas de r\u00e9sultat, on est juste dans le temps pr\u00e9sent, \u00e0 vivre ici et maintenant, mais il a \u00e9t\u00e9 d\u00e9montr\u00e9 que la m\u00e9ditation pr\u00e9sente de nombreux bienfaits pour la sant\u00e9 physique et mentale.<\/p>\n\n\n\n<h4 class=\"wp-block-heading\"><strong>LES BIENFAITS DE LA MEDITATION<\/strong><\/h4>\n\n\n\n<p>&nbsp;La m\u00e9ditation de pleine conscience a des effets sur plusieurs domaines:<\/p>\n\n\n\n<p><strong>La sant\u00e9 physique:<\/strong><\/p>\n\n\n\n<ul class=\"wp-block-list\"><li>R\u00e9duire le stress,&nbsp; par une diminution de la production d&rsquo;adr\u00e9naline et de cortisol.<\/li><li>Favoriser une plus grande immunit\u00e9.<\/li><li>R\u00e9duire et pr\u00e9venir les maladies cardio-vasculaires.<\/li><li>Permettre une meilleure relation \u00e0 la douleur, \u00e0 la maladie.<\/li><li>Modifier le cerveau: m\u00e9diter change de fa\u00e7on tangible la structure m\u00eame du cerveau.<\/li><li>Ralentir le vieillissement des chromosomes (notamment en stimulant l&rsquo;activit\u00e9 de la t\u00e9lom\u00e9rase).<\/li><\/ul>\n\n\n\n<p><strong>&nbsp;La sant\u00e9 mentale:<\/strong><\/p>\n\n\n\n<ul class=\"wp-block-list\"><li>R\u00e9guler l&rsquo;humeur et les \u00e9motions.<\/li><li>D\u00e9velopper une meilleure capacit\u00e9 d&rsquo;observation des pens\u00e9es, des comportements et des processus mentaux.<\/li><li>R\u00e9guler l\u2019attention, d\u00e9velopper la concentration et l&rsquo;efficacit\u00e9.<\/li><li>Att\u00e9nuer la rumination mentale.<\/li><li>Clarifier les buts de sa vie.<\/li><li>Modifier la perception de soi et des autres.<\/li><li>Mieux g\u00e9rer son rapport \u00e0 soi, ses pens\u00e9es, ses \u00e9motions.<\/li><li>Pacifier son esprit, conna\u00eetre la s\u00e9r\u00e9nit\u00e9 et la paix int\u00e9rieure.<\/li><\/ul>\n\n\n\n<p><strong>&nbsp;La relation aux autres:<\/strong><\/p>\n\n\n\n<ul class=\"wp-block-list\"><li>D\u00e9velopper l&#8217;empathie.<\/li><li>D\u00e9velopper l&rsquo;intelligence \u00e9motionnelle.<\/li><li>Favoriser la flexibilit\u00e9 mentale.<\/li><\/ul>\n\n\n\n<p><strong><em>Lien sur M\u00e9ditation et m\u00e9decine&nbsp;<\/em><\/strong><\/p>\n\n\n\n<p><a href=\"https:\/\/vimeo.com\/251480794\">https:\/\/vimeo.com\/251480794<\/a><\/p>\n\n\n\n<p>On sait aujourd&rsquo;hui que le stress est responsable d&rsquo;un \u00e9tat inflammatoire de nos tissus qui induit la plupart de nos maladies auto-immunes, chroniques ou d\u00e9g\u00e9n\u00e9ratives (diab\u00e8te, maladies cardiovasculaires, cancers, douleurs musculaires et ost\u00e9o-articulaires).<\/p>\n\n\n\n<p>Des \u00e9tudes ont montr\u00e9 clairement que la pratique de la m\u00e9ditation fait baissser les marqueurs biologiques de l&rsquo;inflammation (VS, CRP et TNF alpha) d\u00e8s les premi\u00e8res pratiques. La pleine conscience va nous aider \u00e0 trouver une certaine qui\u00e9tude m\u00eame dans des situations stressantes, dans les relations difficiles, la maladie ou lors des douleurs chroniques. Elle peut surtout \u00e9galement nous aider \u00e0 avoir une vie \u00e9panouie en d\u00e9veloppant nos ressources humaines et en lui donnant un sens.<\/p>\n\n\n\n<p>Elle est \u00e9galement une tr\u00e8s bonne indication dans les troubles du sommeil, pour les enfants hyperactifs, les sportifs lors des comp\u00e9titions, les \u00e9tudiants lors de leurs examens, les troubles anxiod\u00e9pressifs (diminution de +50% des rechutes), la fatigue chronique, la fibromyalgie, les risques cardiovasculaires (-38%), la mortalit\u00e9 (-23%), le risque de cancer est diminu\u00e9 de 49% chez les pratiquants assidus (par rapport au groupe t\u00e9moin d&rsquo;une \u00e9tude faite sur 16 ans), une action 4 fois plus efficace que la m\u00e9decine allopathique sur le psoriasis, une augmentation des capacit\u00e9s de concentration et de m\u00e9morisation.<\/p>\n\n\n\n<p>Lien pour une \u00e9tude sur l&rsquo;apport de ce cycle sur les personnes atteintes de cancer du sein:&nbsp;<\/p>\n\n\n\n<p><a href=\"http:\/\/mobile.lepoint.fr\/sante\/cancer-du-sein-la-meditation-ameliore-la-sante-dessurvivantes-10-11-2014-1879936_40.php#xtor=CS3-190\">http:\/\/mobile.lepoint.fr\/sante\/cancer-du-sein-la-meditation-ameliore-la-sante-dessurvivantes-10-11-2014-1879936_40.php#xtor=CS3-190<\/a><\/p>\n\n\n\n<p>R\u00e9cemment, des \u00e9tudes ont stup\u00e9fait les chercheurs en \u00e9pig\u00e9n\u00e9tique qui ont montr\u00e9 qu&rsquo;une pratique m\u00e9ditative seulement de trois semaines chez des novices avait permis d&rsquo;allonger leurs t\u00e9lom\u00e8res (extr\u00e9mit\u00e9s des chromosomes se raccourcissant avec le vieillissement ) de pr\u00e8s d&rsquo;un 1\/3 de leur longueur!<\/p>\n\n\n\n<p>Des effets \u00e9galement, sur le cerveau sont d\u00e9j\u00e0 visibles \u00e0 l&rsquo;IRM fonctionnelle d\u00e8s les premi\u00e8res pratiques et des r\u00e9g\u00e9n\u00e9rations neuronales sur les zones de la m\u00e9moire (hippocampe), de l&rsquo;attention et des qualit\u00e9s humaines (insula) s&rsquo;observent d\u00e9j\u00e0 au bout de 3 semaines de pratique quotidienne, avec une augmentation des marqueurs de la neuro-plasticit\u00e9 c\u00e9r\u00e9brale (BDNF).<\/p>\n\n\n\n<p>La m\u00e9ditation est utilis\u00e9e \u00e9galement pour toutes les d\u00e9pendances ( tabac, alcool, travail, nourriture, jeux) afin de mieux g\u00e9rer l&rsquo;inconfort du manque.<\/p>\n\n\n\n<p>Lien sur les r\u00e9centes recherches scientifiques, m\u00e9ditation et&nbsp; epig\u00e9netique&nbsp; <a href=\"https:\/\/vimeo.com\/288937624\">&nbsp;<\/a><a href=\"https:\/\/vimeo.com\/288937624\">https:\/\/vimeo.com\/288937624<\/a><a href=\"https:\/\/vimeo.com\/288937624\"><\/a><\/p>\n\n\n\n<p><strong>En<\/strong><strong> <\/strong><strong>milieu professionnel,<\/strong> ce programme permet:<\/p>\n\n\n\n<ul class=\"wp-block-list\"><li>Une paix int\u00e9rieure et une meilleure concentration avec une diminution de l&rsquo;anxi\u00e9t\u00e9 et une am\u00e9lioration du sommeil.<\/li><li>Une meilleure gestion des situations de stress, avec une meilleure r\u00e9silience et une prise de d\u00e9cision plus adapt\u00e9e.<\/li><li>Une am\u00e9lioration de l&rsquo;intelligence interpersonnelle.<\/li><\/ul>\n\n\n\n<ul class=\"wp-block-list\"><li>Un mieux-\u00eatre ressenti au travail avec une am\u00e9lioration de la performance par une meilleure prise de conscience des limites pour retrouver la cr\u00e9ativit\u00e9, le plaisir de travailler, et de limiter les risques du burn-out.<\/li><li>L&rsquo;augmentation de l&rsquo;intelligence \u00e9motionnelle et collective.<\/li><\/ul>\n\n\n\n<p>Liens d&rsquo;articles sur la m\u00e9ditation en milieu professionnel:<\/p>\n\n\n\n<p>1\/ De la m\u00e9ditation \u00e0 l\u2019efficacit\u00e9 collective ( Les \u00c9chos):<\/p>\n\n\n\n<p><a href=\"https:\/\/business.lesechos.fr\/directions-generales\/metier-et-carriere\/profils\/0203456377546de-la-meditation-a-l-efficacite-collective-63085.php\">https:\/\/business.lesechos.fr\/directions-generales\/metier-et-carriere\/profils\/0203456377546de-la-meditation-a-l-efficacite-collective-63085.php<\/a><\/p>\n\n\n\n<p>2\/ Plus d\u2019un salari\u00e9 sur deux en situation de \u00ab fragilit\u00e9 \u00bb professionnelle ou personnelle ( Les \u00c9chos):<\/p>\n\n\n\n<p><a href=\"https:\/\/www.lesechos.fr\/economie-france\/social\/0301849956908-plus-dun-salarie-sur-deuxen-situation-de-fragilite-professionnelle-ou-personnelle-2185661.php\">https:\/\/www.lesechos.fr\/economie-france\/social\/0301849956908-plus-dun-salarie-sur-deuxen-situation-de-fragilite-professionnelle-ou-personnelle-2185661.php<\/a><\/p>\n\n\n\n<p>3\/ Google, un exemple \u00e0 m\u00e9diter :<\/p>\n\n\n\n<p><a href=\"https:\/\/www.inriality.fr\/sante\/stress-numerique\/meditation\/google-un-exemple\/\">https:\/\/www.inriality.fr\/sante\/stress-numerique\/meditation\/google-un-exemple\/<\/a><\/p>\n","protected":false},"excerpt":{"rendered":"<p>Lorsque nous traversons une situation difficile, que nous ne r\u00e9ussissons plus \u00e0 asseoir notre raisonnement sur cette base solide qui se trouve en notre \u00ab\u00a0Centre\u00a0\u00bb, le Soi, certaines m\u00e9ditations nous aident \u00e0 retrouver la s\u00e9r\u00e9nit\u00e9 n\u00e9cessaire et \u00e0 faire dispara\u00eetre ces nuages de perturbations et ombres de souffrances qui occultent la lumi\u00e8re en nous. Elisabetta [&hellip;]<\/p>\n","protected":false},"author":1,"featured_media":1228,"comment_status":"closed","ping_status":"closed","sticky":false,"template":"","format":"standard","meta":{"_monsterinsights_skip_tracking":false,"_monsterinsights_sitenote_active":false,"_monsterinsights_sitenote_note":"","_monsterinsights_sitenote_category":0,"_uf_show_specific_survey":0,"_uf_disable_surveys":false,"footnotes":""},"categories":[11,2,50],"tags":[],"class_list":{"0":"post-1109","1":"post","2":"type-post","3":"status-publish","4":"format-standard","5":"has-post-thumbnail","7":"category-articles","8":"category-infos","9":"category-meditations-consciente-pleine-conscience","10":"czr-hentry"},"yoast_head":"<!-- This site is optimized with the Yoast SEO plugin v24.6 - https:\/\/yoast.com\/wordpress\/plugins\/seo\/ -->\n<title>M\u00e9ditations avec Elisabetta Maggi - Institut Fran\u00e7ais de Psychosynth\u00e8se<\/title>\n<meta name=\"robots\" content=\"index, follow, max-snippet:-1, max-image-preview:large, max-video-preview:-1\" \/>\n<link rel=\"canonical\" href=\"https:\/\/psychosynthese.fr\/index.php\/2020\/04\/10\/lacher-prise-scan-corporel\/\" \/>\n<meta property=\"og:locale\" content=\"fr_FR\" \/>\n<meta property=\"og:type\" content=\"article\" \/>\n<meta property=\"og:title\" content=\"M\u00e9ditations avec Elisabetta Maggi - Institut Fran\u00e7ais de Psychosynth\u00e8se\" \/>\n<meta property=\"og:description\" content=\"Lorsque nous traversons une situation difficile, que nous ne r\u00e9ussissons plus \u00e0 asseoir notre raisonnement sur cette base solide qui se trouve en notre \u00ab\u00a0Centre\u00a0\u00bb, le Soi, certaines m\u00e9ditations nous aident \u00e0 retrouver la s\u00e9r\u00e9nit\u00e9 n\u00e9cessaire et \u00e0 faire dispara\u00eetre ces nuages de perturbations et ombres de souffrances qui occultent la lumi\u00e8re en nous. Elisabetta [&hellip;]\" \/>\n<meta property=\"og:url\" content=\"https:\/\/psychosynthese.fr\/index.php\/2020\/04\/10\/lacher-prise-scan-corporel\/\" \/>\n<meta property=\"og:site_name\" content=\"Institut Fran\u00e7ais de Psychosynth\u00e8se\" \/>\n<meta property=\"article:publisher\" content=\"https:\/\/www.facebook.com\/ifp.paris\" \/>\n<meta property=\"article:published_time\" content=\"2020-04-10T14:38:06+00:00\" \/>\n<meta property=\"article:modified_time\" content=\"2020-04-30T13:05:15+00:00\" \/>\n<meta property=\"og:image\" content=\"https:\/\/psychosynthese.fr\/wp-content\/uploads\/2020\/04\/elisabetta-maggi.jpg\" \/>\n\t<meta property=\"og:image:width\" content=\"252\" \/>\n\t<meta property=\"og:image:height\" content=\"310\" \/>\n\t<meta property=\"og:image:type\" content=\"image\/jpeg\" \/>\n<meta name=\"author\" content=\"ifp2\" \/>\n<meta name=\"twitter:card\" content=\"summary_large_image\" \/>\n<meta name=\"twitter:label1\" content=\"\u00c9crit par\" \/>\n\t<meta name=\"twitter:data1\" content=\"ifp2\" \/>\n\t<meta name=\"twitter:label2\" content=\"Dur\u00e9e de lecture estim\u00e9e\" \/>\n\t<meta name=\"twitter:data2\" content=\"12 minutes\" \/>\n<script type=\"application\/ld+json\" class=\"yoast-schema-graph\">{\"@context\":\"https:\/\/schema.org\",\"@graph\":[{\"@type\":\"Article\",\"@id\":\"https:\/\/psychosynthese.fr\/index.php\/2020\/04\/10\/lacher-prise-scan-corporel\/#article\",\"isPartOf\":{\"@id\":\"https:\/\/psychosynthese.fr\/index.php\/2020\/04\/10\/lacher-prise-scan-corporel\/\"},\"author\":{\"name\":\"ifp2\",\"@id\":\"https:\/\/psychosynthese.fr\/#\/schema\/person\/89a4d60b5f41f5ee2e7293d2fe248114\"},\"headline\":\"M\u00e9ditations avec Elisabetta Maggi\",\"datePublished\":\"2020-04-10T14:38:06+00:00\",\"dateModified\":\"2020-04-30T13:05:15+00:00\",\"mainEntityOfPage\":{\"@id\":\"https:\/\/psychosynthese.fr\/index.php\/2020\/04\/10\/lacher-prise-scan-corporel\/\"},\"wordCount\":2411,\"publisher\":{\"@id\":\"https:\/\/psychosynthese.fr\/#organization\"},\"image\":{\"@id\":\"https:\/\/psychosynthese.fr\/index.php\/2020\/04\/10\/lacher-prise-scan-corporel\/#primaryimage\"},\"thumbnailUrl\":\"https:\/\/psychosynthese.fr\/wp-content\/uploads\/2020\/04\/elisabetta-maggi.jpg\",\"articleSection\":[\"Articles\",\"Informations\",\"M\u00e9ditation consciente, Pleine conscience\"],\"inLanguage\":\"fr-FR\"},{\"@type\":\"WebPage\",\"@id\":\"https:\/\/psychosynthese.fr\/index.php\/2020\/04\/10\/lacher-prise-scan-corporel\/\",\"url\":\"https:\/\/psychosynthese.fr\/index.php\/2020\/04\/10\/lacher-prise-scan-corporel\/\",\"name\":\"M\u00e9ditations avec Elisabetta Maggi - Institut Fran\u00e7ais de Psychosynth\u00e8se\",\"isPartOf\":{\"@id\":\"https:\/\/psychosynthese.fr\/#website\"},\"primaryImageOfPage\":{\"@id\":\"https:\/\/psychosynthese.fr\/index.php\/2020\/04\/10\/lacher-prise-scan-corporel\/#primaryimage\"},\"image\":{\"@id\":\"https:\/\/psychosynthese.fr\/index.php\/2020\/04\/10\/lacher-prise-scan-corporel\/#primaryimage\"},\"thumbnailUrl\":\"https:\/\/psychosynthese.fr\/wp-content\/uploads\/2020\/04\/elisabetta-maggi.jpg\",\"datePublished\":\"2020-04-10T14:38:06+00:00\",\"dateModified\":\"2020-04-30T13:05:15+00:00\",\"breadcrumb\":{\"@id\":\"https:\/\/psychosynthese.fr\/index.php\/2020\/04\/10\/lacher-prise-scan-corporel\/#breadcrumb\"},\"inLanguage\":\"fr-FR\",\"potentialAction\":[{\"@type\":\"ReadAction\",\"target\":[\"https:\/\/psychosynthese.fr\/index.php\/2020\/04\/10\/lacher-prise-scan-corporel\/\"]}]},{\"@type\":\"ImageObject\",\"inLanguage\":\"fr-FR\",\"@id\":\"https:\/\/psychosynthese.fr\/index.php\/2020\/04\/10\/lacher-prise-scan-corporel\/#primaryimage\",\"url\":\"https:\/\/psychosynthese.fr\/wp-content\/uploads\/2020\/04\/elisabetta-maggi.jpg\",\"contentUrl\":\"https:\/\/psychosynthese.fr\/wp-content\/uploads\/2020\/04\/elisabetta-maggi.jpg\",\"width\":252,\"height\":310},{\"@type\":\"BreadcrumbList\",\"@id\":\"https:\/\/psychosynthese.fr\/index.php\/2020\/04\/10\/lacher-prise-scan-corporel\/#breadcrumb\",\"itemListElement\":[{\"@type\":\"ListItem\",\"position\":1,\"name\":\"Accueil\",\"item\":\"https:\/\/psychosynthese.fr\/\"},{\"@type\":\"ListItem\",\"position\":2,\"name\":\"M\u00e9ditations avec Elisabetta Maggi\"}]},{\"@type\":\"WebSite\",\"@id\":\"https:\/\/psychosynthese.fr\/#website\",\"url\":\"https:\/\/psychosynthese.fr\/\",\"name\":\"Institut Fran\u00e7ais de Psychosynth\u00e8se\",\"description\":\"Formation en psychosynth\u00e8se\",\"publisher\":{\"@id\":\"https:\/\/psychosynthese.fr\/#organization\"},\"alternateName\":\"IFP\",\"potentialAction\":[{\"@type\":\"SearchAction\",\"target\":{\"@type\":\"EntryPoint\",\"urlTemplate\":\"https:\/\/psychosynthese.fr\/?s={search_term_string}\"},\"query-input\":{\"@type\":\"PropertyValueSpecification\",\"valueRequired\":true,\"valueName\":\"search_term_string\"}}],\"inLanguage\":\"fr-FR\"},{\"@type\":\"Organization\",\"@id\":\"https:\/\/psychosynthese.fr\/#organization\",\"name\":\"Institut Fran\u00e7ais de Psychosynth\u00e8se\",\"url\":\"https:\/\/psychosynthese.fr\/\",\"logo\":{\"@type\":\"ImageObject\",\"inLanguage\":\"fr-FR\",\"@id\":\"https:\/\/psychosynthese.fr\/#\/schema\/logo\/image\/\",\"url\":\"https:\/\/psychosynthese.fr\/wp-content\/uploads\/2017\/03\/cropped-cropped-logo-ifp-155.jpg\",\"contentUrl\":\"https:\/\/psychosynthese.fr\/wp-content\/uploads\/2017\/03\/cropped-cropped-logo-ifp-155.jpg\",\"width\":135,\"height\":135,\"caption\":\"Institut Fran\u00e7ais de Psychosynth\u00e8se\"},\"image\":{\"@id\":\"https:\/\/psychosynthese.fr\/#\/schema\/logo\/image\/\"},\"sameAs\":[\"https:\/\/www.facebook.com\/ifp.paris\",\"https:\/\/www.youtube.com\/channel\/UCKmHyF5IEF9hQ_UI4mmbYgw\"]},{\"@type\":\"Person\",\"@id\":\"https:\/\/psychosynthese.fr\/#\/schema\/person\/89a4d60b5f41f5ee2e7293d2fe248114\",\"name\":\"ifp2\",\"url\":\"https:\/\/psychosynthese.fr\/index.php\/author\/ifp\/\"}]}<\/script>\n<!-- \/ Yoast SEO plugin. -->","yoast_head_json":{"title":"M\u00e9ditations avec Elisabetta Maggi - Institut Fran\u00e7ais de Psychosynth\u00e8se","robots":{"index":"index","follow":"follow","max-snippet":"max-snippet:-1","max-image-preview":"max-image-preview:large","max-video-preview":"max-video-preview:-1"},"canonical":"https:\/\/psychosynthese.fr\/index.php\/2020\/04\/10\/lacher-prise-scan-corporel\/","og_locale":"fr_FR","og_type":"article","og_title":"M\u00e9ditations avec Elisabetta Maggi - Institut Fran\u00e7ais de Psychosynth\u00e8se","og_description":"Lorsque nous traversons une situation difficile, que nous ne r\u00e9ussissons plus \u00e0 asseoir notre raisonnement sur cette base solide qui se trouve en notre \u00ab\u00a0Centre\u00a0\u00bb, le Soi, certaines m\u00e9ditations nous aident \u00e0 retrouver la s\u00e9r\u00e9nit\u00e9 n\u00e9cessaire et \u00e0 faire dispara\u00eetre ces nuages de perturbations et ombres de souffrances qui occultent la lumi\u00e8re en nous. Elisabetta [&hellip;]","og_url":"https:\/\/psychosynthese.fr\/index.php\/2020\/04\/10\/lacher-prise-scan-corporel\/","og_site_name":"Institut Fran\u00e7ais de Psychosynth\u00e8se","article_publisher":"https:\/\/www.facebook.com\/ifp.paris","article_published_time":"2020-04-10T14:38:06+00:00","article_modified_time":"2020-04-30T13:05:15+00:00","og_image":[{"width":252,"height":310,"url":"https:\/\/psychosynthese.fr\/wp-content\/uploads\/2020\/04\/elisabetta-maggi.jpg","type":"image\/jpeg"}],"author":"ifp2","twitter_card":"summary_large_image","twitter_misc":{"\u00c9crit par":"ifp2","Dur\u00e9e de lecture estim\u00e9e":"12 minutes"},"schema":{"@context":"https:\/\/schema.org","@graph":[{"@type":"Article","@id":"https:\/\/psychosynthese.fr\/index.php\/2020\/04\/10\/lacher-prise-scan-corporel\/#article","isPartOf":{"@id":"https:\/\/psychosynthese.fr\/index.php\/2020\/04\/10\/lacher-prise-scan-corporel\/"},"author":{"name":"ifp2","@id":"https:\/\/psychosynthese.fr\/#\/schema\/person\/89a4d60b5f41f5ee2e7293d2fe248114"},"headline":"M\u00e9ditations avec Elisabetta Maggi","datePublished":"2020-04-10T14:38:06+00:00","dateModified":"2020-04-30T13:05:15+00:00","mainEntityOfPage":{"@id":"https:\/\/psychosynthese.fr\/index.php\/2020\/04\/10\/lacher-prise-scan-corporel\/"},"wordCount":2411,"publisher":{"@id":"https:\/\/psychosynthese.fr\/#organization"},"image":{"@id":"https:\/\/psychosynthese.fr\/index.php\/2020\/04\/10\/lacher-prise-scan-corporel\/#primaryimage"},"thumbnailUrl":"https:\/\/psychosynthese.fr\/wp-content\/uploads\/2020\/04\/elisabetta-maggi.jpg","articleSection":["Articles","Informations","M\u00e9ditation consciente, Pleine conscience"],"inLanguage":"fr-FR"},{"@type":"WebPage","@id":"https:\/\/psychosynthese.fr\/index.php\/2020\/04\/10\/lacher-prise-scan-corporel\/","url":"https:\/\/psychosynthese.fr\/index.php\/2020\/04\/10\/lacher-prise-scan-corporel\/","name":"M\u00e9ditations avec Elisabetta Maggi - Institut Fran\u00e7ais de Psychosynth\u00e8se","isPartOf":{"@id":"https:\/\/psychosynthese.fr\/#website"},"primaryImageOfPage":{"@id":"https:\/\/psychosynthese.fr\/index.php\/2020\/04\/10\/lacher-prise-scan-corporel\/#primaryimage"},"image":{"@id":"https:\/\/psychosynthese.fr\/index.php\/2020\/04\/10\/lacher-prise-scan-corporel\/#primaryimage"},"thumbnailUrl":"https:\/\/psychosynthese.fr\/wp-content\/uploads\/2020\/04\/elisabetta-maggi.jpg","datePublished":"2020-04-10T14:38:06+00:00","dateModified":"2020-04-30T13:05:15+00:00","breadcrumb":{"@id":"https:\/\/psychosynthese.fr\/index.php\/2020\/04\/10\/lacher-prise-scan-corporel\/#breadcrumb"},"inLanguage":"fr-FR","potentialAction":[{"@type":"ReadAction","target":["https:\/\/psychosynthese.fr\/index.php\/2020\/04\/10\/lacher-prise-scan-corporel\/"]}]},{"@type":"ImageObject","inLanguage":"fr-FR","@id":"https:\/\/psychosynthese.fr\/index.php\/2020\/04\/10\/lacher-prise-scan-corporel\/#primaryimage","url":"https:\/\/psychosynthese.fr\/wp-content\/uploads\/2020\/04\/elisabetta-maggi.jpg","contentUrl":"https:\/\/psychosynthese.fr\/wp-content\/uploads\/2020\/04\/elisabetta-maggi.jpg","width":252,"height":310},{"@type":"BreadcrumbList","@id":"https:\/\/psychosynthese.fr\/index.php\/2020\/04\/10\/lacher-prise-scan-corporel\/#breadcrumb","itemListElement":[{"@type":"ListItem","position":1,"name":"Accueil","item":"https:\/\/psychosynthese.fr\/"},{"@type":"ListItem","position":2,"name":"M\u00e9ditations avec Elisabetta Maggi"}]},{"@type":"WebSite","@id":"https:\/\/psychosynthese.fr\/#website","url":"https:\/\/psychosynthese.fr\/","name":"Institut Fran\u00e7ais de Psychosynth\u00e8se","description":"Formation en psychosynth\u00e8se","publisher":{"@id":"https:\/\/psychosynthese.fr\/#organization"},"alternateName":"IFP","potentialAction":[{"@type":"SearchAction","target":{"@type":"EntryPoint","urlTemplate":"https:\/\/psychosynthese.fr\/?s={search_term_string}"},"query-input":{"@type":"PropertyValueSpecification","valueRequired":true,"valueName":"search_term_string"}}],"inLanguage":"fr-FR"},{"@type":"Organization","@id":"https:\/\/psychosynthese.fr\/#organization","name":"Institut Fran\u00e7ais de Psychosynth\u00e8se","url":"https:\/\/psychosynthese.fr\/","logo":{"@type":"ImageObject","inLanguage":"fr-FR","@id":"https:\/\/psychosynthese.fr\/#\/schema\/logo\/image\/","url":"https:\/\/psychosynthese.fr\/wp-content\/uploads\/2017\/03\/cropped-cropped-logo-ifp-155.jpg","contentUrl":"https:\/\/psychosynthese.fr\/wp-content\/uploads\/2017\/03\/cropped-cropped-logo-ifp-155.jpg","width":135,"height":135,"caption":"Institut Fran\u00e7ais de Psychosynth\u00e8se"},"image":{"@id":"https:\/\/psychosynthese.fr\/#\/schema\/logo\/image\/"},"sameAs":["https:\/\/www.facebook.com\/ifp.paris","https:\/\/www.youtube.com\/channel\/UCKmHyF5IEF9hQ_UI4mmbYgw"]},{"@type":"Person","@id":"https:\/\/psychosynthese.fr\/#\/schema\/person\/89a4d60b5f41f5ee2e7293d2fe248114","name":"ifp2","url":"https:\/\/psychosynthese.fr\/index.php\/author\/ifp\/"}]}},"_links":{"self":[{"href":"https:\/\/psychosynthese.fr\/index.php\/wp-json\/wp\/v2\/posts\/1109","targetHints":{"allow":["GET"]}}],"collection":[{"href":"https:\/\/psychosynthese.fr\/index.php\/wp-json\/wp\/v2\/posts"}],"about":[{"href":"https:\/\/psychosynthese.fr\/index.php\/wp-json\/wp\/v2\/types\/post"}],"author":[{"embeddable":true,"href":"https:\/\/psychosynthese.fr\/index.php\/wp-json\/wp\/v2\/users\/1"}],"replies":[{"embeddable":true,"href":"https:\/\/psychosynthese.fr\/index.php\/wp-json\/wp\/v2\/comments?post=1109"}],"version-history":[{"count":26,"href":"https:\/\/psychosynthese.fr\/index.php\/wp-json\/wp\/v2\/posts\/1109\/revisions"}],"predecessor-version":[{"id":1230,"href":"https:\/\/psychosynthese.fr\/index.php\/wp-json\/wp\/v2\/posts\/1109\/revisions\/1230"}],"wp:featuredmedia":[{"embeddable":true,"href":"https:\/\/psychosynthese.fr\/index.php\/wp-json\/wp\/v2\/media\/1228"}],"wp:attachment":[{"href":"https:\/\/psychosynthese.fr\/index.php\/wp-json\/wp\/v2\/media?parent=1109"}],"wp:term":[{"taxonomy":"category","embeddable":true,"href":"https:\/\/psychosynthese.fr\/index.php\/wp-json\/wp\/v2\/categories?post=1109"},{"taxonomy":"post_tag","embeddable":true,"href":"https:\/\/psychosynthese.fr\/index.php\/wp-json\/wp\/v2\/tags?post=1109"}],"curies":[{"name":"wp","href":"https:\/\/api.w.org\/{rel}","templated":true}]}}