{"id":154,"date":"2016-02-19T19:50:39","date_gmt":"2016-02-19T18:50:39","guid":{"rendered":"http:\/\/psychosynthese.fr\/?p=154"},"modified":"2019-03-12T12:49:15","modified_gmt":"2019-03-12T11:49:15","slug":"les-livres-italiens-proposes-par-piero-ferrucci","status":"publish","type":"post","link":"https:\/\/psychosynthese.fr\/index.php\/2016\/02\/19\/les-livres-italiens-proposes-par-piero-ferrucci\/","title":{"rendered":"Les livres italiens propos\u00e9s par Piero Ferrucci"},"content":{"rendered":"<p>&nbsp;<\/p>\n<ul>\n<li><strong>\u00a0La via della psicosintesi,<\/strong>\u00a0 Petra Guggisberg Nocelli, L\u2019Uomo Edizioni, Firenze 2011<br \/>\n(en anglais: The way of Psychosynrhesis, Ed. William Burr, Easton, Maryland 2017)<\/li>\n<\/ul>\n<ul>\n<li>\u00a0<strong>Conosci, possiedi, trasforma te stesso,<\/strong>\u00a0 Petra Guggisberg Nocelli, Ed. XENIA, Como-Pavia 2016<\/li>\n<\/ul>\n<ul>\n<li>AA.VV.,\u00a0<strong>Disturbi della personalit\u00e0\u00a0<\/strong><em>, Edizioni SIPT.<\/em><\/li>\n<\/ul>\n<ul>\n<li>R. Assagioli,\u00a0<strong>La psicosintesi terapeutica &#8211; Manuale di tecniche\u00a0<em>,\u00a0<\/em><\/strong><em>Astrolabio\u00a0<\/em>.<\/li>\n<\/ul>\n<ul>\n<li>R. Assagioli,\u00a0<strong>L&rsquo;atto di volont\u00e0\u00a0<\/strong>,\u00a0<em>Astrolabio\u00a0<\/em>.<\/li>\n<\/ul>\n<ul>\n<li>R. Assagioli,\u00a0<strong>Comprendere la psicosintesi\u00a0<\/strong>(\u00a0<em>a cura di Marialuisa Macchia Girelli\u00a0<\/em>), Astrolabio.<\/li>\n<\/ul>\n<ul>\n<li>A. Alberti,\u00a0<strong>L&rsquo;uomo che soffre, l&rsquo;uomo che cura\u00a0<\/strong>, Pagnini.<\/li>\n<\/ul>\n<ul>\n<li>A. Alberti,\u00a0<strong>\u00ab\u00a0Psicosintesi, Una cura per l&rsquo;anima\u00a0\u00bb,<\/strong>\u00a0L&rsquo;Uomo Edizioni, Firenze 2008<\/li>\n<\/ul>\n<ul>\n<li>A. Bocconi, P. Lacerna,\u00a0<strong>Il matto e il mondo\u00a0<\/strong>, Nomina.<\/li>\n<\/ul>\n<ul>\n<li>P.M. Bonacina,\u00a0<strong>L&rsquo;uomo stellare\u00a0<\/strong><em>,\u00a0<\/em>Pagnini.<\/li>\n<\/ul>\n<ul>\n<li>B. Caldironi,\u00a0<strong>L&rsquo;uomo a tre dimensioni\u00a0<\/strong><em>,\u00a0<\/em>Girasole.<\/li>\n<\/ul>\n<ul>\n<li>D. De Paolis,\u00a0<strong>L&rsquo;io e le sue maschere\u00a0<\/strong>, Istituto di Psicosintesi.<\/li>\n<\/ul>\n<ul>\n<li>P. Ferrucci,\u00a0<strong>Crescere\u00a0<\/strong>, Astrolabio.<\/li>\n<\/ul>\n<ul>\n<li>P. Ferrucci,\u00a0<strong>Esperienze delle vette\u00a0<\/strong>, Astrolabio.<\/li>\n<\/ul>\n<ul>\n<li>Anna Maria Finotti,\u00a0<strong>Il mito del Natale\u00a0<em>,\u00a0<\/em><\/strong>Pagnini Martinelli..<\/li>\n<\/ul>\n<ul>\n<li>J. Firman, A. Gila,\u00a0<strong>La ferita primaria\u00a0<\/strong>, Pagnini Martinelli.<\/li>\n<\/ul>\n<ul>\n<li>E. Marabini,\u00a0<strong>Per una psicologia dell&rsquo;uomo totale\u00a0<\/strong>, Editrice Phoenix.<\/li>\n<\/ul>\n<ul>\n<li>M. Rosselli,\u00a0<strong>I nuovi paradigmi della psicologia\u00a0<\/strong><em>,\u00a0<\/em>Cittadella editrice.<\/li>\n<\/ul>\n<p>&nbsp;<\/p>\n","protected":false},"excerpt":{"rendered":"<p>&nbsp; \u00a0La via della psicosintesi,\u00a0 Petra Guggisberg Nocelli, L\u2019Uomo Edizioni, Firenze 2011 (en anglais: The way of Psychosynrhesis, Ed. William Burr, Easton, Maryland 2017) \u00a0Conosci, possiedi, trasforma te stesso,\u00a0 Petra Guggisberg Nocelli, Ed. XENIA, Como-Pavia 2016 AA.VV.,\u00a0Disturbi della personalit\u00e0\u00a0, Edizioni SIPT. R. Assagioli,\u00a0La psicosintesi terapeutica &#8211; Manuale di tecniche\u00a0,\u00a0Astrolabio\u00a0. R. Assagioli,\u00a0L&rsquo;atto di volont\u00e0\u00a0,\u00a0Astrolabio\u00a0. R. Assagioli,\u00a0Comprendere [&hellip;]<\/p>\n","protected":false},"author":1,"featured_media":340,"comment_status":"closed","ping_status":"closed","sticky":false,"template":"","format":"standard","meta":{"_monsterinsights_skip_tracking":false,"_monsterinsights_sitenote_active":false,"_monsterinsights_sitenote_note":"","_monsterinsights_sitenote_category":0,"_uf_show_specific_survey":0,"_uf_disable_surveys":false,"footnotes":""},"categories":[11,39],"tags":[],"class_list":{"0":"post-154","1":"post","2":"type-post","3":"status-publish","4":"format-standard","5":"has-post-thumbnail","7":"category-articles","8":"category-personnes","9":"czr-hentry"},"yoast_head":"<!-- This site is optimized with the Yoast SEO plugin v24.6 - https:\/\/yoast.com\/wordpress\/plugins\/seo\/ -->\n<title>Les livres italiens propos\u00e9s par Piero Ferrucci - Institut Fran\u00e7ais de Psychosynth\u00e8se<\/title>\n<meta name=\"robots\" content=\"index, follow, max-snippet:-1, max-image-preview:large, max-video-preview:-1\" \/>\n<link rel=\"canonical\" href=\"https:\/\/psychosynthese.fr\/index.php\/2016\/02\/19\/les-livres-italiens-proposes-par-piero-ferrucci\/\" \/>\n<meta property=\"og:locale\" content=\"fr_FR\" \/>\n<meta property=\"og:type\" content=\"article\" \/>\n<meta property=\"og:title\" content=\"Les livres italiens propos\u00e9s par Piero Ferrucci - Institut Fran\u00e7ais de Psychosynth\u00e8se\" \/>\n<meta property=\"og:description\" content=\"&nbsp; \u00a0La via della psicosintesi,\u00a0 Petra Guggisberg Nocelli, L\u2019Uomo Edizioni, Firenze 2011 (en anglais: The way of Psychosynrhesis, Ed. William Burr, Easton, Maryland 2017) \u00a0Conosci, possiedi, trasforma te stesso,\u00a0 Petra Guggisberg Nocelli, Ed. XENIA, Como-Pavia 2016 AA.VV.,\u00a0Disturbi della personalit\u00e0\u00a0, Edizioni SIPT. R. Assagioli,\u00a0La psicosintesi terapeutica &#8211; Manuale di tecniche\u00a0,\u00a0Astrolabio\u00a0. R. Assagioli,\u00a0L&rsquo;atto di volont\u00e0\u00a0,\u00a0Astrolabio\u00a0. R. Assagioli,\u00a0Comprendere [&hellip;]\" \/>\n<meta property=\"og:url\" content=\"https:\/\/psychosynthese.fr\/index.php\/2016\/02\/19\/les-livres-italiens-proposes-par-piero-ferrucci\/\" \/>\n<meta property=\"og:site_name\" content=\"Institut Fran\u00e7ais de Psychosynth\u00e8se\" \/>\n<meta property=\"article:publisher\" content=\"https:\/\/www.facebook.com\/ifp.paris\" \/>\n<meta property=\"article:published_time\" content=\"2016-02-19T18:50:39+00:00\" \/>\n<meta property=\"article:modified_time\" content=\"2019-03-12T11:49:15+00:00\" \/>\n<meta property=\"og:image\" content=\"https:\/\/psychosynthese.fr\/wp-content\/uploads\/2016\/02\/ferrucci3.png\" \/>\n\t<meta property=\"og:image:width\" content=\"390\" \/>\n\t<meta property=\"og:image:height\" content=\"344\" \/>\n\t<meta property=\"og:image:type\" content=\"image\/png\" \/>\n<meta name=\"author\" content=\"ifp2\" \/>\n<meta name=\"twitter:card\" content=\"summary_large_image\" \/>\n<meta name=\"twitter:label1\" content=\"\u00c9crit par\" \/>\n\t<meta name=\"twitter:data1\" content=\"ifp2\" \/>\n\t<meta name=\"twitter:label2\" content=\"Dur\u00e9e de lecture estim\u00e9e\" \/>\n\t<meta name=\"twitter:data2\" content=\"1 minute\" \/>\n<script type=\"application\/ld+json\" class=\"yoast-schema-graph\">{\"@context\":\"https:\/\/schema.org\",\"@graph\":[{\"@type\":\"Article\",\"@id\":\"https:\/\/psychosynthese.fr\/index.php\/2016\/02\/19\/les-livres-italiens-proposes-par-piero-ferrucci\/#article\",\"isPartOf\":{\"@id\":\"https:\/\/psychosynthese.fr\/index.php\/2016\/02\/19\/les-livres-italiens-proposes-par-piero-ferrucci\/\"},\"author\":{\"name\":\"ifp2\",\"@id\":\"https:\/\/psychosynthese.fr\/#\/schema\/person\/89a4d60b5f41f5ee2e7293d2fe248114\"},\"headline\":\"Les livres italiens propos\u00e9s par Piero Ferrucci\",\"datePublished\":\"2016-02-19T18:50:39+00:00\",\"dateModified\":\"2019-03-12T11:49:15+00:00\",\"mainEntityOfPage\":{\"@id\":\"https:\/\/psychosynthese.fr\/index.php\/2016\/02\/19\/les-livres-italiens-proposes-par-piero-ferrucci\/\"},\"wordCount\":177,\"publisher\":{\"@id\":\"https:\/\/psychosynthese.fr\/#organization\"},\"image\":{\"@id\":\"https:\/\/psychosynthese.fr\/index.php\/2016\/02\/19\/les-livres-italiens-proposes-par-piero-ferrucci\/#primaryimage\"},\"thumbnailUrl\":\"https:\/\/psychosynthese.fr\/wp-content\/uploads\/2016\/02\/ferrucci3.png\",\"articleSection\":[\"Articles\",\"Personnalit\u00e9s\"],\"inLanguage\":\"fr-FR\"},{\"@type\":\"WebPage\",\"@id\":\"https:\/\/psychosynthese.fr\/index.php\/2016\/02\/19\/les-livres-italiens-proposes-par-piero-ferrucci\/\",\"url\":\"https:\/\/psychosynthese.fr\/index.php\/2016\/02\/19\/les-livres-italiens-proposes-par-piero-ferrucci\/\",\"name\":\"Les livres italiens propos\u00e9s par Piero Ferrucci - Institut Fran\u00e7ais de Psychosynth\u00e8se\",\"isPartOf\":{\"@id\":\"https:\/\/psychosynthese.fr\/#website\"},\"primaryImageOfPage\":{\"@id\":\"https:\/\/psychosynthese.fr\/index.php\/2016\/02\/19\/les-livres-italiens-proposes-par-piero-ferrucci\/#primaryimage\"},\"image\":{\"@id\":\"https:\/\/psychosynthese.fr\/index.php\/2016\/02\/19\/les-livres-italiens-proposes-par-piero-ferrucci\/#primaryimage\"},\"thumbnailUrl\":\"https:\/\/psychosynthese.fr\/wp-content\/uploads\/2016\/02\/ferrucci3.png\",\"datePublished\":\"2016-02-19T18:50:39+00:00\",\"dateModified\":\"2019-03-12T11:49:15+00:00\",\"breadcrumb\":{\"@id\":\"https:\/\/psychosynthese.fr\/index.php\/2016\/02\/19\/les-livres-italiens-proposes-par-piero-ferrucci\/#breadcrumb\"},\"inLanguage\":\"fr-FR\",\"potentialAction\":[{\"@type\":\"ReadAction\",\"target\":[\"https:\/\/psychosynthese.fr\/index.php\/2016\/02\/19\/les-livres-italiens-proposes-par-piero-ferrucci\/\"]}]},{\"@type\":\"ImageObject\",\"inLanguage\":\"fr-FR\",\"@id\":\"https:\/\/psychosynthese.fr\/index.php\/2016\/02\/19\/les-livres-italiens-proposes-par-piero-ferrucci\/#primaryimage\",\"url\":\"https:\/\/psychosynthese.fr\/wp-content\/uploads\/2016\/02\/ferrucci3.png\",\"contentUrl\":\"https:\/\/psychosynthese.fr\/wp-content\/uploads\/2016\/02\/ferrucci3.png\",\"width\":390,\"height\":344},{\"@type\":\"BreadcrumbList\",\"@id\":\"https:\/\/psychosynthese.fr\/index.php\/2016\/02\/19\/les-livres-italiens-proposes-par-piero-ferrucci\/#breadcrumb\",\"itemListElement\":[{\"@type\":\"ListItem\",\"position\":1,\"name\":\"Accueil\",\"item\":\"https:\/\/psychosynthese.fr\/\"},{\"@type\":\"ListItem\",\"position\":2,\"name\":\"Les livres italiens propos\u00e9s par Piero Ferrucci\"}]},{\"@type\":\"WebSite\",\"@id\":\"https:\/\/psychosynthese.fr\/#website\",\"url\":\"https:\/\/psychosynthese.fr\/\",\"name\":\"Institut Fran\u00e7ais de Psychosynth\u00e8se\",\"description\":\"Formation en psychosynth\u00e8se\",\"publisher\":{\"@id\":\"https:\/\/psychosynthese.fr\/#organization\"},\"alternateName\":\"IFP\",\"potentialAction\":[{\"@type\":\"SearchAction\",\"target\":{\"@type\":\"EntryPoint\",\"urlTemplate\":\"https:\/\/psychosynthese.fr\/?s={search_term_string}\"},\"query-input\":{\"@type\":\"PropertyValueSpecification\",\"valueRequired\":true,\"valueName\":\"search_term_string\"}}],\"inLanguage\":\"fr-FR\"},{\"@type\":\"Organization\",\"@id\":\"https:\/\/psychosynthese.fr\/#organization\",\"name\":\"Institut Fran\u00e7ais de Psychosynth\u00e8se\",\"url\":\"https:\/\/psychosynthese.fr\/\",\"logo\":{\"@type\":\"ImageObject\",\"inLanguage\":\"fr-FR\",\"@id\":\"https:\/\/psychosynthese.fr\/#\/schema\/logo\/image\/\",\"url\":\"https:\/\/psychosynthese.fr\/wp-content\/uploads\/2017\/03\/cropped-cropped-logo-ifp-155.jpg\",\"contentUrl\":\"https:\/\/psychosynthese.fr\/wp-content\/uploads\/2017\/03\/cropped-cropped-logo-ifp-155.jpg\",\"width\":135,\"height\":135,\"caption\":\"Institut Fran\u00e7ais de Psychosynth\u00e8se\"},\"image\":{\"@id\":\"https:\/\/psychosynthese.fr\/#\/schema\/logo\/image\/\"},\"sameAs\":[\"https:\/\/www.facebook.com\/ifp.paris\",\"https:\/\/www.youtube.com\/channel\/UCKmHyF5IEF9hQ_UI4mmbYgw\"]},{\"@type\":\"Person\",\"@id\":\"https:\/\/psychosynthese.fr\/#\/schema\/person\/89a4d60b5f41f5ee2e7293d2fe248114\",\"name\":\"ifp2\",\"url\":\"https:\/\/psychosynthese.fr\/index.php\/author\/ifp\/\"}]}<\/script>\n<!-- \/ Yoast SEO plugin. -->","yoast_head_json":{"title":"Les livres italiens propos\u00e9s par Piero Ferrucci - Institut Fran\u00e7ais de Psychosynth\u00e8se","robots":{"index":"index","follow":"follow","max-snippet":"max-snippet:-1","max-image-preview":"max-image-preview:large","max-video-preview":"max-video-preview:-1"},"canonical":"https:\/\/psychosynthese.fr\/index.php\/2016\/02\/19\/les-livres-italiens-proposes-par-piero-ferrucci\/","og_locale":"fr_FR","og_type":"article","og_title":"Les livres italiens propos\u00e9s par Piero Ferrucci - Institut Fran\u00e7ais de Psychosynth\u00e8se","og_description":"&nbsp; \u00a0La via della psicosintesi,\u00a0 Petra Guggisberg Nocelli, L\u2019Uomo Edizioni, Firenze 2011 (en anglais: The way of Psychosynrhesis, Ed. William Burr, Easton, Maryland 2017) \u00a0Conosci, possiedi, trasforma te stesso,\u00a0 Petra Guggisberg Nocelli, Ed. XENIA, Como-Pavia 2016 AA.VV.,\u00a0Disturbi della personalit\u00e0\u00a0, Edizioni SIPT. R. Assagioli,\u00a0La psicosintesi terapeutica &#8211; Manuale di tecniche\u00a0,\u00a0Astrolabio\u00a0. R. Assagioli,\u00a0L&rsquo;atto di volont\u00e0\u00a0,\u00a0Astrolabio\u00a0. R. Assagioli,\u00a0Comprendere [&hellip;]","og_url":"https:\/\/psychosynthese.fr\/index.php\/2016\/02\/19\/les-livres-italiens-proposes-par-piero-ferrucci\/","og_site_name":"Institut Fran\u00e7ais de Psychosynth\u00e8se","article_publisher":"https:\/\/www.facebook.com\/ifp.paris","article_published_time":"2016-02-19T18:50:39+00:00","article_modified_time":"2019-03-12T11:49:15+00:00","og_image":[{"width":390,"height":344,"url":"https:\/\/psychosynthese.fr\/wp-content\/uploads\/2016\/02\/ferrucci3.png","type":"image\/png"}],"author":"ifp2","twitter_card":"summary_large_image","twitter_misc":{"\u00c9crit par":"ifp2","Dur\u00e9e de lecture estim\u00e9e":"1 minute"},"schema":{"@context":"https:\/\/schema.org","@graph":[{"@type":"Article","@id":"https:\/\/psychosynthese.fr\/index.php\/2016\/02\/19\/les-livres-italiens-proposes-par-piero-ferrucci\/#article","isPartOf":{"@id":"https:\/\/psychosynthese.fr\/index.php\/2016\/02\/19\/les-livres-italiens-proposes-par-piero-ferrucci\/"},"author":{"name":"ifp2","@id":"https:\/\/psychosynthese.fr\/#\/schema\/person\/89a4d60b5f41f5ee2e7293d2fe248114"},"headline":"Les livres italiens propos\u00e9s par Piero Ferrucci","datePublished":"2016-02-19T18:50:39+00:00","dateModified":"2019-03-12T11:49:15+00:00","mainEntityOfPage":{"@id":"https:\/\/psychosynthese.fr\/index.php\/2016\/02\/19\/les-livres-italiens-proposes-par-piero-ferrucci\/"},"wordCount":177,"publisher":{"@id":"https:\/\/psychosynthese.fr\/#organization"},"image":{"@id":"https:\/\/psychosynthese.fr\/index.php\/2016\/02\/19\/les-livres-italiens-proposes-par-piero-ferrucci\/#primaryimage"},"thumbnailUrl":"https:\/\/psychosynthese.fr\/wp-content\/uploads\/2016\/02\/ferrucci3.png","articleSection":["Articles","Personnalit\u00e9s"],"inLanguage":"fr-FR"},{"@type":"WebPage","@id":"https:\/\/psychosynthese.fr\/index.php\/2016\/02\/19\/les-livres-italiens-proposes-par-piero-ferrucci\/","url":"https:\/\/psychosynthese.fr\/index.php\/2016\/02\/19\/les-livres-italiens-proposes-par-piero-ferrucci\/","name":"Les livres italiens propos\u00e9s par Piero Ferrucci - Institut Fran\u00e7ais de Psychosynth\u00e8se","isPartOf":{"@id":"https:\/\/psychosynthese.fr\/#website"},"primaryImageOfPage":{"@id":"https:\/\/psychosynthese.fr\/index.php\/2016\/02\/19\/les-livres-italiens-proposes-par-piero-ferrucci\/#primaryimage"},"image":{"@id":"https:\/\/psychosynthese.fr\/index.php\/2016\/02\/19\/les-livres-italiens-proposes-par-piero-ferrucci\/#primaryimage"},"thumbnailUrl":"https:\/\/psychosynthese.fr\/wp-content\/uploads\/2016\/02\/ferrucci3.png","datePublished":"2016-02-19T18:50:39+00:00","dateModified":"2019-03-12T11:49:15+00:00","breadcrumb":{"@id":"https:\/\/psychosynthese.fr\/index.php\/2016\/02\/19\/les-livres-italiens-proposes-par-piero-ferrucci\/#breadcrumb"},"inLanguage":"fr-FR","potentialAction":[{"@type":"ReadAction","target":["https:\/\/psychosynthese.fr\/index.php\/2016\/02\/19\/les-livres-italiens-proposes-par-piero-ferrucci\/"]}]},{"@type":"ImageObject","inLanguage":"fr-FR","@id":"https:\/\/psychosynthese.fr\/index.php\/2016\/02\/19\/les-livres-italiens-proposes-par-piero-ferrucci\/#primaryimage","url":"https:\/\/psychosynthese.fr\/wp-content\/uploads\/2016\/02\/ferrucci3.png","contentUrl":"https:\/\/psychosynthese.fr\/wp-content\/uploads\/2016\/02\/ferrucci3.png","width":390,"height":344},{"@type":"BreadcrumbList","@id":"https:\/\/psychosynthese.fr\/index.php\/2016\/02\/19\/les-livres-italiens-proposes-par-piero-ferrucci\/#breadcrumb","itemListElement":[{"@type":"ListItem","position":1,"name":"Accueil","item":"https:\/\/psychosynthese.fr\/"},{"@type":"ListItem","position":2,"name":"Les livres italiens propos\u00e9s par Piero Ferrucci"}]},{"@type":"WebSite","@id":"https:\/\/psychosynthese.fr\/#website","url":"https:\/\/psychosynthese.fr\/","name":"Institut Fran\u00e7ais de Psychosynth\u00e8se","description":"Formation en psychosynth\u00e8se","publisher":{"@id":"https:\/\/psychosynthese.fr\/#organization"},"alternateName":"IFP","potentialAction":[{"@type":"SearchAction","target":{"@type":"EntryPoint","urlTemplate":"https:\/\/psychosynthese.fr\/?s={search_term_string}"},"query-input":{"@type":"PropertyValueSpecification","valueRequired":true,"valueName":"search_term_string"}}],"inLanguage":"fr-FR"},{"@type":"Organization","@id":"https:\/\/psychosynthese.fr\/#organization","name":"Institut Fran\u00e7ais de Psychosynth\u00e8se","url":"https:\/\/psychosynthese.fr\/","logo":{"@type":"ImageObject","inLanguage":"fr-FR","@id":"https:\/\/psychosynthese.fr\/#\/schema\/logo\/image\/","url":"https:\/\/psychosynthese.fr\/wp-content\/uploads\/2017\/03\/cropped-cropped-logo-ifp-155.jpg","contentUrl":"https:\/\/psychosynthese.fr\/wp-content\/uploads\/2017\/03\/cropped-cropped-logo-ifp-155.jpg","width":135,"height":135,"caption":"Institut Fran\u00e7ais de Psychosynth\u00e8se"},"image":{"@id":"https:\/\/psychosynthese.fr\/#\/schema\/logo\/image\/"},"sameAs":["https:\/\/www.facebook.com\/ifp.paris","https:\/\/www.youtube.com\/channel\/UCKmHyF5IEF9hQ_UI4mmbYgw"]},{"@type":"Person","@id":"https:\/\/psychosynthese.fr\/#\/schema\/person\/89a4d60b5f41f5ee2e7293d2fe248114","name":"ifp2","url":"https:\/\/psychosynthese.fr\/index.php\/author\/ifp\/"}]}},"_links":{"self":[{"href":"https:\/\/psychosynthese.fr\/index.php\/wp-json\/wp\/v2\/posts\/154","targetHints":{"allow":["GET"]}}],"collection":[{"href":"https:\/\/psychosynthese.fr\/index.php\/wp-json\/wp\/v2\/posts"}],"about":[{"href":"https:\/\/psychosynthese.fr\/index.php\/wp-json\/wp\/v2\/types\/post"}],"author":[{"embeddable":true,"href":"https:\/\/psychosynthese.fr\/index.php\/wp-json\/wp\/v2\/users\/1"}],"replies":[{"embeddable":true,"href":"https:\/\/psychosynthese.fr\/index.php\/wp-json\/wp\/v2\/comments?post=154"}],"version-history":[{"count":5,"href":"https:\/\/psychosynthese.fr\/index.php\/wp-json\/wp\/v2\/posts\/154\/revisions"}],"predecessor-version":[{"id":916,"href":"https:\/\/psychosynthese.fr\/index.php\/wp-json\/wp\/v2\/posts\/154\/revisions\/916"}],"wp:featuredmedia":[{"embeddable":true,"href":"https:\/\/psychosynthese.fr\/index.php\/wp-json\/wp\/v2\/media\/340"}],"wp:attachment":[{"href":"https:\/\/psychosynthese.fr\/index.php\/wp-json\/wp\/v2\/media?parent=154"}],"wp:term":[{"taxonomy":"category","embeddable":true,"href":"https:\/\/psychosynthese.fr\/index.php\/wp-json\/wp\/v2\/categories?post=154"},{"taxonomy":"post_tag","embeddable":true,"href":"https:\/\/psychosynthese.fr\/index.php\/wp-json\/wp\/v2\/tags?post=154"}],"curies":[{"name":"wp","href":"https:\/\/api.w.org\/{rel}","templated":true}]}}