{"id":2798,"date":"2023-01-14T11:39:49","date_gmt":"2023-01-14T10:39:49","guid":{"rendered":"https:\/\/psychosynthese.fr\/?p=2798"},"modified":"2023-01-14T11:39:51","modified_gmt":"2023-01-14T10:39:51","slug":"la-revue-n45-est-sortie","status":"publish","type":"post","link":"https:\/\/psychosynthese.fr\/index.php\/2023\/01\/14\/la-revue-n45-est-sortie\/","title":{"rendered":"La Revue n\u00b045 est sortie!"},"content":{"rendered":"<div class=\"wp-block-image\">\n<figure class=\"aligncenter size-large is-resized\"><img loading=\"lazy\" decoding=\"async\" src=\"https:\/\/psychosynthese.fr\/wp-content\/uploads\/2021\/07\/book-2304389_1920-1024x497.jpg\" alt=\"\" class=\"wp-image-2226\" width=\"356\" height=\"172\" srcset=\"https:\/\/psychosynthese.fr\/wp-content\/uploads\/2021\/07\/book-2304389_1920-1024x497.jpg 1024w, https:\/\/psychosynthese.fr\/wp-content\/uploads\/2021\/07\/book-2304389_1920-300x145.jpg 300w, https:\/\/psychosynthese.fr\/wp-content\/uploads\/2021\/07\/book-2304389_1920-768x372.jpg 768w, https:\/\/psychosynthese.fr\/wp-content\/uploads\/2021\/07\/book-2304389_1920-1536x745.jpg 1536w, https:\/\/psychosynthese.fr\/wp-content\/uploads\/2021\/07\/book-2304389_1920.jpg 1920w\" sizes=\"auto, (max-width: 356px) 100vw, 356px\" \/><\/figure><\/div>\n\n\n<p><strong>Sommaire<\/strong><\/p>\n\n\n\n<p>Editorial (F Salvini)<\/p>\n\n\n\n<p>M\u00e9ditation psychologique (Angela Maria LA SALA BATA)<\/p>\n\n\n\n<p>L\u2019estime de soi, la confiance : quelques r\u00e9flexions (Jocelyne JACQUELARD)<\/p>\n\n\n\n<p>La bonne volont\u00e9, essence de l\u2019\u00e9panouissement humain (Vincent CLAESSENS)<\/p>\n\n\n\n<p>Les bienfaits de l\u2019espoir (Michel POULAIN)<\/p>\n\n\n\n<p>Activit\u00e9s de l&rsquo;Institut Fran\u00e7ais de psychosynth\u00e8se<\/p>\n\n\n\n<p><strong>Prix <\/strong>: 9 euros par num\u00e9ro. Merci de contacter l\u2019IFP : ifp@psychosynthese.fr ou 01 42 78 24 45.<\/p>\n\n\n\n<p><strong>Editorial<\/strong> par Franco Salvini<\/p>\n\n\n\n<p>Regardons autour de nous, \u00e9coutons&nbsp;: il ne se passe pas de journ\u00e9e, de semaine, de mois o\u00f9 ne soit pas \u00e9voqu\u00e9 le terme de m\u00e9ditation. Connue depuis toujours par certains, notion toute nouvelle pour d\u2019autres, elle suscite beaucoup d\u2019int\u00e9r\u00eat, de curiosit\u00e9, d\u2019app\u00e9tence. N\u2019en soyons pas \u00e9tonn\u00e9s, c\u2019est une pratique bien connue en psychosynth\u00e8se comme la d\u00e9finit &nbsp;Angela Maria La Sala Bat\u00e0 dans son ouvrage publi\u00e9 en 1995 et dont nous avons extrait l\u2019article <em>\u00ab&nbsp;M\u00e9ditation psychologique&nbsp;\u00bb.<\/em> Au fil de sa carri\u00e8re de psychoth\u00e9rapeute et formatrice en psychosynth\u00e8se au Centre de Psychosynth\u00e8se de Florence, elle la propose comme une invitation \u00e0 d\u00e9couvrir notre dimension int\u00e9rieure, \u00e0 reconnaitre nos contenus psychologiques comme des objets par rapport \u00e0 notre conscience v\u00e9ritable. Plus qu\u2019un exercice, la D\u00e9sidentification est un processus de notre d\u00e9veloppement int\u00e9rieur. &nbsp;Au cours de ce processus de croissance personnelle, Jocelyne Jacquelard nous porte \u00e0 r\u00e9fl\u00e9chir sur l\u2019importance de l\u2019estime de soi dans son article \u00ab&nbsp;<em>L\u2019<\/em> <em>Estime de soi, confiance&nbsp;: quelques r\u00e9flexions<\/em><em>\u00ab&nbsp;<\/em>. L\u2019approche p\u00e9dagogique, l\u2019\u00e9ducation transmise par les parents, les enseignants et l\u2019environnement proche peuvent s\u2019appuyer sur les recherches neuroscientifiques, qui confirment la plasticit\u00e9 c\u00e9r\u00e9brale des jeunes, source de cr\u00e9ativit\u00e9, d\u2019autonomie, d\u2019autoaffirmation et d\u2019estime de soi.<\/p>\n\n\n\n<p>Expos\u00e9s aux annonces des \u00e9v\u00e9nements violents, o\u00f9 les forces s\u2019opposent, Vincent Claessens nous rappelle dans&nbsp; son article <em>\u00ab&nbsp; La Bonne Volont\u00e9, l\u2019essence de l\u2019\u00e9panouissement humain&nbsp;\u00bb &nbsp;<\/em>qu\u2019il y a aussi des manifestations de Bonne Volont\u00e9, auxquelles nous devrions donner plus d\u2019attention pour prot\u00e9ger notre sant\u00e9 mentale. La Bonne Volont\u00e9 est un vecteur important de notre \u00e9panouissement, pour une solidarit\u00e9 nouvelle au-del\u00e0 des \u00e9go\u00efsmes individuels. Reconnaitre les obstacles comme la peur, la d\u00e9pression, le d\u00e9couragement, l\u2019avidit\u00e9, le manque de compr\u00e9hension, nous ouvre les portes de la Bonne Volont\u00e9. Participant de la m\u00eame d\u00e9marche, &nbsp;&nbsp; Michel Poulain nous propose des r\u00e9flexions sur les multiples fa\u00e7ons d\u2019esp\u00e9rer en s\u2019appuyant sur le livre de G\u00e9raldine Pr\u00e9vot-Gigant <em>\u00ab&nbsp; Les Pouvoirs de l\u2019espoir&nbsp;\u00bb<\/em>, laquelle met en exergue&nbsp; l\u2019importance que repr\u00e9sentent les espoirs, sous-entendu les espoirs constructifs. Michel enrichit son analyse avec des apports de la psychosynth\u00e8se.<\/p>\n\n\n\n<p>Enfin, Franco Salvini nous invite dans son article \u00ab&nbsp;<em>La Vision de la vie et la musique&nbsp;\u00bb<\/em> nous questionner sur la place que nous occupons face \u00e0 la vie. \u00catre dans le pr\u00e9sent devient une n\u00e9cessit\u00e9 pour sortir des conditionnements du pass\u00e9 et du futur. Nous sommes confront\u00e9s au temps et \u00e0 l\u2019espace. L\u2019\u00e9coute conscient de la musique permet de trouver l\u2019\u00e9quilibre entre int\u00e9rieur et ext\u00e9rieur.<\/p>\n\n\n\n<p>Voici quelques pistes que propose ce num\u00e9ro pour poursuivre le chemin de la connaissance et de l\u2019\u00e9panouissement de soi, &nbsp;des qualit\u00e9s \u00e0 approfondir pour cette route qui conduira \u00e0 mieux go\u00fbter la vie.<\/p>\n\n\n\n<p>Puisse cette ann\u00e9e 2023 qui s\u2019annonce proche voir enfin se r\u00e9aliser en chacun les espoirs de paix et d\u2019harmonie&nbsp;!<\/p>\n","protected":false},"excerpt":{"rendered":"<p>Sommaire Editorial (F Salvini) M\u00e9ditation psychologique (Angela Maria LA SALA BATA) L\u2019estime de soi, la confiance : quelques r\u00e9flexions (Jocelyne JACQUELARD) La bonne volont\u00e9, essence de l\u2019\u00e9panouissement humain (Vincent CLAESSENS) Les bienfaits de l\u2019espoir (Michel POULAIN) Activit\u00e9s de l&rsquo;Institut Fran\u00e7ais de psychosynth\u00e8se Prix : 9 euros par num\u00e9ro. Merci de contacter l\u2019IFP : ifp@psychosynthese.fr ou [&hellip;]<\/p>\n","protected":false},"author":1,"featured_media":2226,"comment_status":"closed","ping_status":"closed","sticky":false,"template":"","format":"standard","meta":{"_monsterinsights_skip_tracking":false,"_monsterinsights_sitenote_active":false,"_monsterinsights_sitenote_note":"","_monsterinsights_sitenote_category":0,"_uf_show_specific_survey":0,"_uf_disable_surveys":false,"footnotes":""},"categories":[12,57],"tags":[87,86,31,84,18,83,85],"class_list":{"0":"post-2798","1":"post","2":"type-post","3":"status-publish","4":"format-standard","5":"has-post-thumbnail","7":"category-activites","8":"category-ouvrages","9":"tag-confiance-en-soi","10":"tag-estime-de-soi","11":"tag-meditation","12":"tag-musique","13":"tag-psychosynthese","14":"tag-revue","15":"tag-volonte","16":"czr-hentry"},"yoast_head":"<!-- This site is optimized with the Yoast SEO plugin v24.6 - https:\/\/yoast.com\/wordpress\/plugins\/seo\/ -->\n<title>La Revue n\u00b045 est sortie! - Institut Fran\u00e7ais de Psychosynth\u00e8se<\/title>\n<meta name=\"robots\" content=\"index, follow, max-snippet:-1, max-image-preview:large, max-video-preview:-1\" \/>\n<link rel=\"canonical\" href=\"https:\/\/psychosynthese.fr\/index.php\/2023\/01\/14\/la-revue-n45-est-sortie\/\" \/>\n<meta property=\"og:locale\" content=\"fr_FR\" \/>\n<meta property=\"og:type\" content=\"article\" \/>\n<meta property=\"og:title\" content=\"La Revue n\u00b045 est sortie! - Institut Fran\u00e7ais de Psychosynth\u00e8se\" \/>\n<meta property=\"og:description\" content=\"Sommaire Editorial (F Salvini) M\u00e9ditation psychologique (Angela Maria LA SALA BATA) L\u2019estime de soi, la confiance : quelques r\u00e9flexions (Jocelyne JACQUELARD) La bonne volont\u00e9, essence de l\u2019\u00e9panouissement humain (Vincent CLAESSENS) Les bienfaits de l\u2019espoir (Michel POULAIN) Activit\u00e9s de l&rsquo;Institut Fran\u00e7ais de psychosynth\u00e8se Prix : 9 euros par num\u00e9ro. Merci de contacter l\u2019IFP : ifp@psychosynthese.fr ou [&hellip;]\" \/>\n<meta property=\"og:url\" content=\"https:\/\/psychosynthese.fr\/index.php\/2023\/01\/14\/la-revue-n45-est-sortie\/\" \/>\n<meta property=\"og:site_name\" content=\"Institut Fran\u00e7ais de Psychosynth\u00e8se\" \/>\n<meta property=\"article:publisher\" content=\"https:\/\/www.facebook.com\/ifp.paris\" \/>\n<meta property=\"article:published_time\" content=\"2023-01-14T10:39:49+00:00\" \/>\n<meta property=\"article:modified_time\" content=\"2023-01-14T10:39:51+00:00\" \/>\n<meta property=\"og:image\" content=\"https:\/\/psychosynthese.fr\/wp-content\/uploads\/2021\/07\/book-2304389_1920.jpg\" \/>\n\t<meta property=\"og:image:width\" content=\"1920\" \/>\n\t<meta property=\"og:image:height\" content=\"931\" \/>\n\t<meta property=\"og:image:type\" content=\"image\/jpeg\" \/>\n<meta name=\"author\" content=\"ifp2\" \/>\n<meta name=\"twitter:card\" content=\"summary_large_image\" \/>\n<meta name=\"twitter:label1\" content=\"\u00c9crit par\" \/>\n\t<meta name=\"twitter:data1\" content=\"ifp2\" \/>\n\t<meta name=\"twitter:label2\" content=\"Dur\u00e9e de lecture estim\u00e9e\" \/>\n\t<meta name=\"twitter:data2\" content=\"3 minutes\" \/>\n<script type=\"application\/ld+json\" class=\"yoast-schema-graph\">{\"@context\":\"https:\/\/schema.org\",\"@graph\":[{\"@type\":\"Article\",\"@id\":\"https:\/\/psychosynthese.fr\/index.php\/2023\/01\/14\/la-revue-n45-est-sortie\/#article\",\"isPartOf\":{\"@id\":\"https:\/\/psychosynthese.fr\/index.php\/2023\/01\/14\/la-revue-n45-est-sortie\/\"},\"author\":{\"name\":\"ifp2\",\"@id\":\"https:\/\/psychosynthese.fr\/#\/schema\/person\/89a4d60b5f41f5ee2e7293d2fe248114\"},\"headline\":\"La Revue n\u00b045 est sortie!\",\"datePublished\":\"2023-01-14T10:39:49+00:00\",\"dateModified\":\"2023-01-14T10:39:51+00:00\",\"mainEntityOfPage\":{\"@id\":\"https:\/\/psychosynthese.fr\/index.php\/2023\/01\/14\/la-revue-n45-est-sortie\/\"},\"wordCount\":613,\"publisher\":{\"@id\":\"https:\/\/psychosynthese.fr\/#organization\"},\"image\":{\"@id\":\"https:\/\/psychosynthese.fr\/index.php\/2023\/01\/14\/la-revue-n45-est-sortie\/#primaryimage\"},\"thumbnailUrl\":\"https:\/\/psychosynthese.fr\/wp-content\/uploads\/2021\/07\/book-2304389_1920.jpg\",\"keywords\":[\"confiance en soi\",\"estime de soi\",\"m\u00e9ditation\",\"musique\",\"psychosynth\u00e8se\",\"revue\",\"volont\u00e9\"],\"articleSection\":[\"Activit\u00e9s de l'IFP\",\"Ouvrages\"],\"inLanguage\":\"fr-FR\"},{\"@type\":\"WebPage\",\"@id\":\"https:\/\/psychosynthese.fr\/index.php\/2023\/01\/14\/la-revue-n45-est-sortie\/\",\"url\":\"https:\/\/psychosynthese.fr\/index.php\/2023\/01\/14\/la-revue-n45-est-sortie\/\",\"name\":\"La Revue n\u00b045 est sortie! - Institut Fran\u00e7ais de Psychosynth\u00e8se\",\"isPartOf\":{\"@id\":\"https:\/\/psychosynthese.fr\/#website\"},\"primaryImageOfPage\":{\"@id\":\"https:\/\/psychosynthese.fr\/index.php\/2023\/01\/14\/la-revue-n45-est-sortie\/#primaryimage\"},\"image\":{\"@id\":\"https:\/\/psychosynthese.fr\/index.php\/2023\/01\/14\/la-revue-n45-est-sortie\/#primaryimage\"},\"thumbnailUrl\":\"https:\/\/psychosynthese.fr\/wp-content\/uploads\/2021\/07\/book-2304389_1920.jpg\",\"datePublished\":\"2023-01-14T10:39:49+00:00\",\"dateModified\":\"2023-01-14T10:39:51+00:00\",\"breadcrumb\":{\"@id\":\"https:\/\/psychosynthese.fr\/index.php\/2023\/01\/14\/la-revue-n45-est-sortie\/#breadcrumb\"},\"inLanguage\":\"fr-FR\",\"potentialAction\":[{\"@type\":\"ReadAction\",\"target\":[\"https:\/\/psychosynthese.fr\/index.php\/2023\/01\/14\/la-revue-n45-est-sortie\/\"]}]},{\"@type\":\"ImageObject\",\"inLanguage\":\"fr-FR\",\"@id\":\"https:\/\/psychosynthese.fr\/index.php\/2023\/01\/14\/la-revue-n45-est-sortie\/#primaryimage\",\"url\":\"https:\/\/psychosynthese.fr\/wp-content\/uploads\/2021\/07\/book-2304389_1920.jpg\",\"contentUrl\":\"https:\/\/psychosynthese.fr\/wp-content\/uploads\/2021\/07\/book-2304389_1920.jpg\",\"width\":1920,\"height\":931},{\"@type\":\"BreadcrumbList\",\"@id\":\"https:\/\/psychosynthese.fr\/index.php\/2023\/01\/14\/la-revue-n45-est-sortie\/#breadcrumb\",\"itemListElement\":[{\"@type\":\"ListItem\",\"position\":1,\"name\":\"Accueil\",\"item\":\"https:\/\/psychosynthese.fr\/\"},{\"@type\":\"ListItem\",\"position\":2,\"name\":\"La Revue n\u00b045 est sortie!\"}]},{\"@type\":\"WebSite\",\"@id\":\"https:\/\/psychosynthese.fr\/#website\",\"url\":\"https:\/\/psychosynthese.fr\/\",\"name\":\"Institut Fran\u00e7ais de Psychosynth\u00e8se\",\"description\":\"Formation en psychosynth\u00e8se\",\"publisher\":{\"@id\":\"https:\/\/psychosynthese.fr\/#organization\"},\"alternateName\":\"IFP\",\"potentialAction\":[{\"@type\":\"SearchAction\",\"target\":{\"@type\":\"EntryPoint\",\"urlTemplate\":\"https:\/\/psychosynthese.fr\/?s={search_term_string}\"},\"query-input\":{\"@type\":\"PropertyValueSpecification\",\"valueRequired\":true,\"valueName\":\"search_term_string\"}}],\"inLanguage\":\"fr-FR\"},{\"@type\":\"Organization\",\"@id\":\"https:\/\/psychosynthese.fr\/#organization\",\"name\":\"Institut Fran\u00e7ais de Psychosynth\u00e8se\",\"url\":\"https:\/\/psychosynthese.fr\/\",\"logo\":{\"@type\":\"ImageObject\",\"inLanguage\":\"fr-FR\",\"@id\":\"https:\/\/psychosynthese.fr\/#\/schema\/logo\/image\/\",\"url\":\"https:\/\/psychosynthese.fr\/wp-content\/uploads\/2017\/03\/cropped-cropped-logo-ifp-155.jpg\",\"contentUrl\":\"https:\/\/psychosynthese.fr\/wp-content\/uploads\/2017\/03\/cropped-cropped-logo-ifp-155.jpg\",\"width\":135,\"height\":135,\"caption\":\"Institut Fran\u00e7ais de Psychosynth\u00e8se\"},\"image\":{\"@id\":\"https:\/\/psychosynthese.fr\/#\/schema\/logo\/image\/\"},\"sameAs\":[\"https:\/\/www.facebook.com\/ifp.paris\",\"https:\/\/www.youtube.com\/channel\/UCKmHyF5IEF9hQ_UI4mmbYgw\"]},{\"@type\":\"Person\",\"@id\":\"https:\/\/psychosynthese.fr\/#\/schema\/person\/89a4d60b5f41f5ee2e7293d2fe248114\",\"name\":\"ifp2\",\"url\":\"https:\/\/psychosynthese.fr\/index.php\/author\/ifp\/\"}]}<\/script>\n<!-- \/ Yoast SEO plugin. -->","yoast_head_json":{"title":"La Revue n\u00b045 est sortie! - Institut Fran\u00e7ais de Psychosynth\u00e8se","robots":{"index":"index","follow":"follow","max-snippet":"max-snippet:-1","max-image-preview":"max-image-preview:large","max-video-preview":"max-video-preview:-1"},"canonical":"https:\/\/psychosynthese.fr\/index.php\/2023\/01\/14\/la-revue-n45-est-sortie\/","og_locale":"fr_FR","og_type":"article","og_title":"La Revue n\u00b045 est sortie! - Institut Fran\u00e7ais de Psychosynth\u00e8se","og_description":"Sommaire Editorial (F Salvini) M\u00e9ditation psychologique (Angela Maria LA SALA BATA) L\u2019estime de soi, la confiance : quelques r\u00e9flexions (Jocelyne JACQUELARD) La bonne volont\u00e9, essence de l\u2019\u00e9panouissement humain (Vincent CLAESSENS) Les bienfaits de l\u2019espoir (Michel POULAIN) Activit\u00e9s de l&rsquo;Institut Fran\u00e7ais de psychosynth\u00e8se Prix : 9 euros par num\u00e9ro. Merci de contacter l\u2019IFP : ifp@psychosynthese.fr ou [&hellip;]","og_url":"https:\/\/psychosynthese.fr\/index.php\/2023\/01\/14\/la-revue-n45-est-sortie\/","og_site_name":"Institut Fran\u00e7ais de Psychosynth\u00e8se","article_publisher":"https:\/\/www.facebook.com\/ifp.paris","article_published_time":"2023-01-14T10:39:49+00:00","article_modified_time":"2023-01-14T10:39:51+00:00","og_image":[{"width":1920,"height":931,"url":"https:\/\/psychosynthese.fr\/wp-content\/uploads\/2021\/07\/book-2304389_1920.jpg","type":"image\/jpeg"}],"author":"ifp2","twitter_card":"summary_large_image","twitter_misc":{"\u00c9crit par":"ifp2","Dur\u00e9e de lecture estim\u00e9e":"3 minutes"},"schema":{"@context":"https:\/\/schema.org","@graph":[{"@type":"Article","@id":"https:\/\/psychosynthese.fr\/index.php\/2023\/01\/14\/la-revue-n45-est-sortie\/#article","isPartOf":{"@id":"https:\/\/psychosynthese.fr\/index.php\/2023\/01\/14\/la-revue-n45-est-sortie\/"},"author":{"name":"ifp2","@id":"https:\/\/psychosynthese.fr\/#\/schema\/person\/89a4d60b5f41f5ee2e7293d2fe248114"},"headline":"La Revue n\u00b045 est sortie!","datePublished":"2023-01-14T10:39:49+00:00","dateModified":"2023-01-14T10:39:51+00:00","mainEntityOfPage":{"@id":"https:\/\/psychosynthese.fr\/index.php\/2023\/01\/14\/la-revue-n45-est-sortie\/"},"wordCount":613,"publisher":{"@id":"https:\/\/psychosynthese.fr\/#organization"},"image":{"@id":"https:\/\/psychosynthese.fr\/index.php\/2023\/01\/14\/la-revue-n45-est-sortie\/#primaryimage"},"thumbnailUrl":"https:\/\/psychosynthese.fr\/wp-content\/uploads\/2021\/07\/book-2304389_1920.jpg","keywords":["confiance en soi","estime de soi","m\u00e9ditation","musique","psychosynth\u00e8se","revue","volont\u00e9"],"articleSection":["Activit\u00e9s de l'IFP","Ouvrages"],"inLanguage":"fr-FR"},{"@type":"WebPage","@id":"https:\/\/psychosynthese.fr\/index.php\/2023\/01\/14\/la-revue-n45-est-sortie\/","url":"https:\/\/psychosynthese.fr\/index.php\/2023\/01\/14\/la-revue-n45-est-sortie\/","name":"La Revue n\u00b045 est sortie! - Institut Fran\u00e7ais de Psychosynth\u00e8se","isPartOf":{"@id":"https:\/\/psychosynthese.fr\/#website"},"primaryImageOfPage":{"@id":"https:\/\/psychosynthese.fr\/index.php\/2023\/01\/14\/la-revue-n45-est-sortie\/#primaryimage"},"image":{"@id":"https:\/\/psychosynthese.fr\/index.php\/2023\/01\/14\/la-revue-n45-est-sortie\/#primaryimage"},"thumbnailUrl":"https:\/\/psychosynthese.fr\/wp-content\/uploads\/2021\/07\/book-2304389_1920.jpg","datePublished":"2023-01-14T10:39:49+00:00","dateModified":"2023-01-14T10:39:51+00:00","breadcrumb":{"@id":"https:\/\/psychosynthese.fr\/index.php\/2023\/01\/14\/la-revue-n45-est-sortie\/#breadcrumb"},"inLanguage":"fr-FR","potentialAction":[{"@type":"ReadAction","target":["https:\/\/psychosynthese.fr\/index.php\/2023\/01\/14\/la-revue-n45-est-sortie\/"]}]},{"@type":"ImageObject","inLanguage":"fr-FR","@id":"https:\/\/psychosynthese.fr\/index.php\/2023\/01\/14\/la-revue-n45-est-sortie\/#primaryimage","url":"https:\/\/psychosynthese.fr\/wp-content\/uploads\/2021\/07\/book-2304389_1920.jpg","contentUrl":"https:\/\/psychosynthese.fr\/wp-content\/uploads\/2021\/07\/book-2304389_1920.jpg","width":1920,"height":931},{"@type":"BreadcrumbList","@id":"https:\/\/psychosynthese.fr\/index.php\/2023\/01\/14\/la-revue-n45-est-sortie\/#breadcrumb","itemListElement":[{"@type":"ListItem","position":1,"name":"Accueil","item":"https:\/\/psychosynthese.fr\/"},{"@type":"ListItem","position":2,"name":"La Revue n\u00b045 est sortie!"}]},{"@type":"WebSite","@id":"https:\/\/psychosynthese.fr\/#website","url":"https:\/\/psychosynthese.fr\/","name":"Institut Fran\u00e7ais de Psychosynth\u00e8se","description":"Formation en psychosynth\u00e8se","publisher":{"@id":"https:\/\/psychosynthese.fr\/#organization"},"alternateName":"IFP","potentialAction":[{"@type":"SearchAction","target":{"@type":"EntryPoint","urlTemplate":"https:\/\/psychosynthese.fr\/?s={search_term_string}"},"query-input":{"@type":"PropertyValueSpecification","valueRequired":true,"valueName":"search_term_string"}}],"inLanguage":"fr-FR"},{"@type":"Organization","@id":"https:\/\/psychosynthese.fr\/#organization","name":"Institut Fran\u00e7ais de Psychosynth\u00e8se","url":"https:\/\/psychosynthese.fr\/","logo":{"@type":"ImageObject","inLanguage":"fr-FR","@id":"https:\/\/psychosynthese.fr\/#\/schema\/logo\/image\/","url":"https:\/\/psychosynthese.fr\/wp-content\/uploads\/2017\/03\/cropped-cropped-logo-ifp-155.jpg","contentUrl":"https:\/\/psychosynthese.fr\/wp-content\/uploads\/2017\/03\/cropped-cropped-logo-ifp-155.jpg","width":135,"height":135,"caption":"Institut Fran\u00e7ais de Psychosynth\u00e8se"},"image":{"@id":"https:\/\/psychosynthese.fr\/#\/schema\/logo\/image\/"},"sameAs":["https:\/\/www.facebook.com\/ifp.paris","https:\/\/www.youtube.com\/channel\/UCKmHyF5IEF9hQ_UI4mmbYgw"]},{"@type":"Person","@id":"https:\/\/psychosynthese.fr\/#\/schema\/person\/89a4d60b5f41f5ee2e7293d2fe248114","name":"ifp2","url":"https:\/\/psychosynthese.fr\/index.php\/author\/ifp\/"}]}},"_links":{"self":[{"href":"https:\/\/psychosynthese.fr\/index.php\/wp-json\/wp\/v2\/posts\/2798","targetHints":{"allow":["GET"]}}],"collection":[{"href":"https:\/\/psychosynthese.fr\/index.php\/wp-json\/wp\/v2\/posts"}],"about":[{"href":"https:\/\/psychosynthese.fr\/index.php\/wp-json\/wp\/v2\/types\/post"}],"author":[{"embeddable":true,"href":"https:\/\/psychosynthese.fr\/index.php\/wp-json\/wp\/v2\/users\/1"}],"replies":[{"embeddable":true,"href":"https:\/\/psychosynthese.fr\/index.php\/wp-json\/wp\/v2\/comments?post=2798"}],"version-history":[{"count":1,"href":"https:\/\/psychosynthese.fr\/index.php\/wp-json\/wp\/v2\/posts\/2798\/revisions"}],"predecessor-version":[{"id":2799,"href":"https:\/\/psychosynthese.fr\/index.php\/wp-json\/wp\/v2\/posts\/2798\/revisions\/2799"}],"wp:featuredmedia":[{"embeddable":true,"href":"https:\/\/psychosynthese.fr\/index.php\/wp-json\/wp\/v2\/media\/2226"}],"wp:attachment":[{"href":"https:\/\/psychosynthese.fr\/index.php\/wp-json\/wp\/v2\/media?parent=2798"}],"wp:term":[{"taxonomy":"category","embeddable":true,"href":"https:\/\/psychosynthese.fr\/index.php\/wp-json\/wp\/v2\/categories?post=2798"},{"taxonomy":"post_tag","embeddable":true,"href":"https:\/\/psychosynthese.fr\/index.php\/wp-json\/wp\/v2\/tags?post=2798"}],"curies":[{"name":"wp","href":"https:\/\/api.w.org\/{rel}","templated":true}]}}