{"id":3019,"date":"2023-08-05T15:19:18","date_gmt":"2023-08-05T14:19:18","guid":{"rendered":"https:\/\/psychosynthese.fr\/?p=3019"},"modified":"2023-12-10T18:50:22","modified_gmt":"2023-12-10T17:50:22","slug":"quest-ce-que-la-psychosynthese-lhomme-comme-etre-bio-psycho-spirituel","status":"publish","type":"post","link":"https:\/\/psychosynthese.fr\/index.php\/2023\/08\/05\/quest-ce-que-la-psychosynthese-lhomme-comme-etre-bio-psycho-spirituel\/","title":{"rendered":"Qu&rsquo;est ce que la psychosynth\u00e8se ? L&rsquo;homme comme \u00eatre bio-psycho-spirituel"},"content":{"rendered":"\n<figure class=\"wp-block-image size-large\"><img loading=\"lazy\" decoding=\"async\" width=\"1024\" height=\"104\" src=\"https:\/\/psychosynthese.fr\/wp-content\/uploads\/2023\/08\/etre-biopsychospirituel-1024x104.png\" alt=\"\" class=\"wp-image-3020\" srcset=\"https:\/\/psychosynthese.fr\/wp-content\/uploads\/2023\/08\/etre-biopsychospirituel-1024x104.png 1024w, https:\/\/psychosynthese.fr\/wp-content\/uploads\/2023\/08\/etre-biopsychospirituel-300x30.png 300w, https:\/\/psychosynthese.fr\/wp-content\/uploads\/2023\/08\/etre-biopsychospirituel-768x78.png 768w, https:\/\/psychosynthese.fr\/wp-content\/uploads\/2023\/08\/etre-biopsychospirituel-1536x156.png 1536w, https:\/\/psychosynthese.fr\/wp-content\/uploads\/2023\/08\/etre-biopsychospirituel.png 1548w\" sizes=\"auto, (max-width: 1024px) 100vw, 1024px\" \/><\/figure>\n\n\n<div class=\"wp-block-image\">\n<figure class=\"aligncenter size-large is-resized\"><img loading=\"lazy\" decoding=\"async\" src=\"https:\/\/psychosynthese.fr\/wp-content\/uploads\/2023\/08\/l-homme-etre-bio-psycho-spirituel-1024x500.png\" alt=\"\" class=\"wp-image-3054\" width=\"314\" height=\"153\" srcset=\"https:\/\/psychosynthese.fr\/wp-content\/uploads\/2023\/08\/l-homme-etre-bio-psycho-spirituel-1024x500.png 1024w, https:\/\/psychosynthese.fr\/wp-content\/uploads\/2023\/08\/l-homme-etre-bio-psycho-spirituel-300x146.png 300w, https:\/\/psychosynthese.fr\/wp-content\/uploads\/2023\/08\/l-homme-etre-bio-psycho-spirituel-768x375.png 768w, https:\/\/psychosynthese.fr\/wp-content\/uploads\/2023\/08\/l-homme-etre-bio-psycho-spirituel-1536x749.png 1536w, https:\/\/psychosynthese.fr\/wp-content\/uploads\/2023\/08\/l-homme-etre-bio-psycho-spirituel.png 1640w\" sizes=\"auto, (max-width: 314px) 100vw, 314px\" \/><\/figure><\/div>\n\n\n<div class=\"wp-block-columns is-layout-flex wp-container-core-columns-is-layout-9d6595d7 wp-block-columns-is-layout-flex\">\n<div class=\"wp-block-column is-layout-flow wp-block-column-is-layout-flow\"><\/div>\n\n\n\n<div class=\"wp-block-column is-layout-flow wp-block-column-is-layout-flow\"><\/div>\n\n\n\n<div class=\"wp-block-column is-layout-flow wp-block-column-is-layout-flow\">\n<div class=\"wp-block-buttons is-layout-flex wp-block-buttons-is-layout-flex\">\n<div class=\"wp-block-button\"><a class=\"wp-block-button__link has-vivid-cyan-blue-background-color has-background wp-element-button\" href=\"https:\/\/psychosynthese.fr\/wp-content\/uploads\/2023\/08\/230730-la-psychosynthese-une-attitude.pdf\" target=\"_blank\" rel=\"noreferrer noopener\">article en pdf<\/a><\/div>\n<\/div>\n<\/div>\n<\/div>\n\n\n\n<p>\u2728La psychosynth\u00e8se d\u2019Assagioli (abr\u00e9viation de bio-psychosynth\u00e8se) est une \ud835\udc1c\ud835\udc28\ud835\udc27\ud835\udc1c\ud835\udc1e\ud835\udc29\ud835\udc2d\ud835\udc22\ud835\udc28\ud835\udc27 \ud835\udc20\ud835\udc25\ud835\udc28\ud835\udc1b\ud835\udc1a\ud835\udc25\ud835\udc1e \ud835\udc1e\ud835\udc2d \ud835\udc1d\ud835\udc32\ud835\udc27\ud835\udc1a\ud835\udc26\ud835\udc22\ud835\udc2a\ud835\udc2e\ud835\udc1e \ud835\udc1d\ud835\udc1e \ud835\udc25\u2019\ud835\udc1e\u0302\ud835\udc2d\ud835\udc2b\ud835\udc1e \ud835\udc21\ud835\udc2e\ud835\udc26\ud835\udc1a\ud835\udc22\ud835\udc27 int\u00e9grant ses dimensions corporelles-sensorielles, \u00e9motionnelles, comportementales, intellectuelles et spirituelles. Elle vise et promeut l\u2019int\u00e9gration et la synth\u00e8se inh\u00e9rente \u00e0 la psych\u00e9 elle-m\u00eame.<\/p>\n\n\n\n<p>La psychosynth\u00e8se est ainsi une conception de l\u2019homme comme \ud835\udc1e\u0302\ud835\udc2d\ud835\udc2b\ud835\udc1e \ud835\udc1b\ud835\udc22\ud835\udc28-\ud835\udc29\ud835\udc2c\ud835\udc32\ud835\udc1c\ud835\udc21\ud835\udc28-\ud835\udc2c\ud835\udc29\ud835\udc22\ud835\udc2b\ud835\udc22\ud835\udc2d\ud835\udc2e\ud835\udc1e\ud835\udc25. L\u2019approche psychosynth\u00e9tique reconna\u00eet pleinement, tant au plan th\u00e9orique que pratique, les relations r\u00e9ciproques entre corps et psych\u00e9 ainsi que leur utilisation dans la pratique th\u00e9rapeutique et formatrice.<\/p>\n\n\n\n<p>\ud83e\uddd4\u200d\u2642\ufe0f\ud835\udc00\ud835\udc2c\ud835\udc2c\ud835\udc1a\ud835\udc20\ud835\udc22\ud835\udc28\ud835\udc25\ud835\udc22, psychiatre et fondateur de la psychosynth\u00e8se (1888-1974), a commenc\u00e9 \u00e0 utiliser le terme <em>psychosynth\u00e8se<\/em> en 1926 lorsqu\u2019il r\u00e9digea l\u2019opuscule <em>Psychosynth\u00e8se&nbsp;: une nouvelle m\u00e9thode de gu\u00e9rison<\/em>. Il d\u00e9finit son syst\u00e8me psychologique comme psychosynth\u00e8se pr\u00e9cis\u00e9ment pour souligner les caract\u00e9ristiques d\u2019une vision holistique et int\u00e9grale.<\/p>\n\n\n\n<p>Assagioli n\u2019a pas \u00e9t\u00e9 le premier \u00e0 utiliser le terme <em>psychosynth\u00e8se<\/em>. Il a \u00e9galement \u00e9t\u00e9 adopt\u00e9 par d\u2019autres auteurs pour indiquer g\u00e9n\u00e9ralement une approche psychoth\u00e9rapeutique qui, apr\u00e8s correction des m\u00e9canismes de d\u00e9fense et des r\u00e9sistances au moyen de m\u00e9thodes analytiques, vise la reconstruction de la personnalit\u00e9.<\/p>\n\n\n\n<p>\ud83c\udf1fDepuis le d\u00e9but pour Assagioli, le terme de psychosynth\u00e8se est li\u00e9 \u00e0 une nouvelle image de l\u2019homme et \u00e0 une \ud835\udc27\ud835\udc28\ud835\udc2e\ud835\udc2f\ud835\udc1e\ud835\udc25\ud835\udc25\ud835\udc1e \ud835\udc1a\ud835\udc29\ud835\udc29\ud835\udc2b\ud835\udc28\ud835\udc1c\ud835\udc21\ud835\udc1e \ud835\udc26\ud835\udc1e\u0301\ud835\udc2d\ud835\udc21\ud835\udc28\ud835\udc1d\ud835\udc28\ud835\udc25\ud835\udc28\ud835\udc20\ud835\udc22\ud835\udc2a\ud835\udc2e\ud835\udc1e \ud835\udc1d\ud835\udc1e \ud835\udc25\ud835\udc1a \ud835\udc2d\ud835\udc21\ud835\udc1e\u0301\ud835\udc2b\ud835\udc1a\ud835\udc29\ud835\udc22\ud835\udc1e, \ud835\udc1d\ud835\udc1e \ud835\udc25\u2019\ud835\udc1e\u0301\ud835\udc1d\ud835\udc2e\ud835\udc1c\ud835\udc1a\ud835\udc2d\ud835\udc22\ud835\udc28\ud835\udc27 \ud835\udc1e\ud835\udc2d \ud835\udc1d\ud835\udc1e \ud835\udc25\u2019\ud835\udc1a\ud835\udc2e\ud835\udc2d\ud835\udc28\ud835\udc1f\ud835\udc28\ud835\udc2b\ud835\udc26\ud835\udc1a\ud835\udc2d\ud835\udc22\ud835\udc28\ud835\udc27. Cette approche, au-del\u00e0 de la dimension symptomatique, inclut la dimension symbolique&nbsp;; \u00e0 c\u00f4t\u00e9 du pass\u00e9, l\u2019importance du futur&nbsp;; \u00e0 c\u00f4t\u00e9 de la pathologie l\u2019importance de la sant\u00e9&nbsp;; \u00e0 c\u00f4t\u00e9 des limites, de l\u2019impuissance et du conditionnement les possibilit\u00e9s \u00e9galement infinies de croissance et de maturation, l\u2019importance de la responsabilit\u00e9 et de la cr\u00e9ativit\u00e9 propres \u00e0 l\u2019\u00eatre humain.<\/p>\n\n\n\n<p>Pour Assagioli, \u00ab&nbsp;La psychosynth\u00e8se n\u2019est pas une doctrine psychologique particuli\u00e8re, ni un processus technique sp\u00e9cifique. C\u2019est avant tout une conception dynamique et, pour ainsi dire dramatique de la vie psychique, comme une lutte entre une \ud835\udc26\ud835\udc2e\ud835\udc25\ud835\udc2d\ud835\udc22\ud835\udc29\ud835\udc25\ud835\udc22\ud835\udc1c\ud835\udc22\ud835\udc2d\ud835\udc1e\u0301 de forces rebelles et contrast\u00e9es et un \ud835\udc1c\ud835\udc1e\ud835\udc27\ud835\udc2d\ud835\udc2b\ud835\udc1e \ud835\udc2e\ud835\udc27\ud835\udc22\ud835\udc1f\ud835\udc22\ud835\udc1c\ud835\udc1a\ud835\udc2d\ud835\udc1e\ud835\udc2e\ud835\udc2b qui tend \u00e0 les dominer, \u00e0 les composer de mani\u00e8re harmonieuse pour les utiliser de la fa\u00e7on la plus utile et cr\u00e9ative.&nbsp;\u00bb Ainsi, dans l\u2019\u00e9laboration de sa pens\u00e9e, Assagioli d\u00e9place progressivement son int\u00e9r\u00eat de la dialectique entre inconscient et conscient vers celle entre unit\u00e9 et multiplicit\u00e9, jusqu\u2019\u00e0 identifier le probl\u00e8me central de l\u2019homme avant tout dans l\u2019absence d\u2019harmonie, de synth\u00e8se et d\u2019int\u00e9gration.<\/p>\n\n\n\n<p>La culture contemporaine s\u2019est orient\u00e9e vers la reconnaissance de la \ud835\udc1c\ud835\udc28\ud835\udc26\ud835\udc29\ud835\udc25\ud835\udc1e\ud835\udc31\ud835\udc22\ud835\udc2d\ud835\udc1e\u0301 \ud835\udc1d\ud835\udc2e \ud835\udc09\ud835\udc1e, per\u00e7u non seulement comme une entit\u00e9 solide et monolithique, mais anim\u00e9 par une diversit\u00e9 de facteurs qui tendent souvent \u00e0 s\u2019imposer, y compris s\u00e9par\u00e9ment, cr\u00e9ant des conflits internes qui se r\u00e9percutent ensuite sur les relations que les \u00eatres humains entretiennent avec leurs semblables et l\u2019environnement en g\u00e9n\u00e9ral. Assagioli semble avoir anticip\u00e9 ce concept fondamental, avec son interpr\u00e9tation de l\u2019\u00e9ternelle lutte de l\u2019homme entre la multiplicit\u00e9 et la tendance \u00e0 l\u2019unit\u00e9.<\/p>\n\n\n\n<p>\ud83d\udd16La psychosynth\u00e8se est \u00e9galement un \ud835\udc1e\ud835\udc27\ud835\udc2c\ud835\udc1e\ud835\udc26\ud835\udc1b\ud835\udc25\ud835\udc1e \ud835\udc1d\ud835\udc1e \ud835\udc2d\ud835\udc1e\ud835\udc1c\ud835\udc21\ud835\udc27\ud835\udc22\ud835\udc2a\ud835\udc2e\ud835\udc1e\ud835\udc2c \ud835\udc1e\ud835\udc2d \ud835\udc1d\ud835\udc1e \ud835\udc26\ud835\udc1e\u0301\ud835\udc2d\ud835\udc21\ud835\udc28\ud835\udc1d\ud835\udc1e\ud835\udc2c \ud835\udc1d\u2019\ud835\udc1a\ud835\udc1c\ud835\udc2d\ud835\udc22\ud835\udc28\ud835\udc27\ud835\udc2c \ud835\udc29\ud835\udc2c\ud835\udc32\ud835\udc1c\ud835\udc21\ud835\udc28\ud835\udc25\ud835\udc28\ud835\udc20\ud835\udc22\ud835\udc2a\ud835\udc2e\ud835\udc1e\ud835\udc2c \ud835\udc1c\ud835\udc28\ud835\udc28\ud835\udc2b\ud835\udc1d\ud835\udc28\ud835\udc27\ud835\udc27\ud835\udc1e\u0301\ud835\udc1e\ud835\udc2c, visant \u00e0 favoriser et promouvoir l\u2019int\u00e9gration et le d\u00e9veloppement harmonieux de la personnalit\u00e9 humaine (visualisations, jeux de r\u00f4le, dessins libres, mots inducteurs, m\u00e9ditations r\u00e9flexives, techniques utilisant les symboles\u2026).<\/p>\n\n\n\n<p>Assagioli d\u00e9clare \u00ab&nbsp;alors que la psychosynth\u00e8se se pr\u00e9sente comme une synth\u00e8se de th\u00e9rapies et d\u2019approches \u00e9ducatives vari\u00e9es, il est bon de se rappeler qu\u2019elle poss\u00e8de son essence propre originale et centrale.&nbsp;\u00bb<\/p>\n\n\n\n<p>\ud83e\udef1 La psychosynth\u00e8se est bas\u00e9 sur \ud835\udfd5 \ud835\udc1c\ud835\udc28\ud835\udc27\ud835\udc1c\ud835\udc1e\ud835\udc29\ud835\udc2d\ud835\udc2c \ud835\udc1f\ud835\udc28\ud835\udc27\ud835\udc1d\ud835\udc1a\ud835\udc26\ud835\udc1e\ud835\udc27\ud835\udc2d\ud835\udc1a\ud835\udc2e\ud835\udc31:<\/p>\n\n\n\n<ul class=\"wp-block-list\">\n<li>\ud835\udc0b\ud835\udc1a \ud835\udc1d\ud835\udc1e\u0301\ud835\udc2c\ud835\udc22\ud835\udc1d\ud835\udc1e\ud835\udc27\ud835\udc2d\ud835\udc22\ud835\udc1f\ud835\udc22\ud835\udc1c\ud835\udc1a\ud835\udc2d\ud835\udc22\ud835\udc28\ud835\udc27: Assagioli la d\u00e9crit ainsi : \u00ab nous sommes domin\u00e9s par tout ce \u00e0 quoi nous nous sommes identifi\u00e9s (sous-personnalit\u00e9s). Nous pouvons dominer et contr\u00f4ler tout ce dont nous nous d\u00e9sidentifions. \u00bb<\/li>\n<\/ul>\n\n\n\n<ul class=\"wp-block-list\">\n<li>\ud835\udc0b\ud835\udc1e \ud835\udc2c\ud835\udc28\ud835\udc22 \ud835\udc29\ud835\udc1e\ud835\udc2b\ud835\udc2c\ud835\udc28\ud835\udc27\ud835\udc27\ud835\udc1e\ud835\udc25 (Je ou moi conscient) : centre de conscience et de volont\u00e9, centre stable de notre identit\u00e9 d\u2019\u00eatre existant et unique, distinct mais non s\u00e9par\u00e9 des contenus du champ de la conscience que sont nos exp\u00e9riences transitoires et changeantes<\/li>\n<\/ul>\n\n\n\n<ul class=\"wp-block-list\">\n<li>\ud835\udc0b\ud835\udc1a \ud835\udc2f\ud835\udc28\ud835\udc25\ud835\udc28\ud835\udc27\ud835\udc2d\ud835\udc1e\u0301: elle est l\u2019\u00e9l\u00e9ment moteur de toutes les autres fonctions psychologiques (sensations, pens\u00e9es, imagination, impulsion\/d\u00e9sirs, sentiments, intuition) et donc l\u2019\u00e9l\u00e9ment cl\u00e9 de la croissance en psychosynth\u00e8se<\/li>\n<\/ul>\n\n\n\n<ul class=\"wp-block-list\">\n<li>\ud835\udc0b\ud835\udc1e \ud835\udc26\ud835\udc28\ud835\udc1d\ud835\udc1e\u0300\ud835\udc25\ud835\udc1e \ud835\udc22\ud835\udc1d\ud835\udc1e\u0301\ud835\udc1a\ud835\udc25: l\u2019image de soi r\u00e9alisable, accessible, concret, issue de nos <strong>valeurs<\/strong>, notre <strong>singularit\u00e9<\/strong> et <strong>authenticit\u00e9 et que l\u2019individu souhaite d\u00e9velopper ou acqu\u00e9rir<\/strong><\/li>\n<\/ul>\n\n\n\n<ul class=\"wp-block-list\">\n<li>\ud835\udc0b\ud835\udc1a \ud835\udc2c\ud835\udc32\ud835\udc27\ud835\udc2d\ud835\udc21\ud835\udc1e\u0300\ud835\udc2c\ud835\udc1e (dans ses divers aspects)&nbsp;: apr\u00e8s avoir identifi\u00e9 ses diff\u00e9rentes sous-personnalit\u00e9s, la synth\u00e8se permet son unit\u00e9 stable, fonctionnelle et harmonieuse<\/li>\n<\/ul>\n\n\n\n<ul class=\"wp-block-list\">\n<li>\ud835\udc0b\ud835\udc1e \ud835\udc2c\ud835\udc2e\ud835\udc29\ud835\udc2b\ud835\udc1a\ud835\udc1c\ud835\udc28\ud835\udc27\ud835\udc2c\ud835\udc1c\ud835\udc22\ud835\udc1e\ud835\udc27\ud835\udc2d: il correspond aux aspirations cr\u00e9atives, spirituelles et artistiques, aux intuitions profondes, aux \u00e9tats altruistes et aux facult\u00e9s les plus \u00e9lev\u00e9es de l&rsquo;esprit<\/li>\n<\/ul>\n\n\n\n<ul class=\"wp-block-list\">\n<li>\ud835\udc0b\ud835\udc1e \ud835\udc2c\ud835\udc28\ud835\udc22 \ud835\udc2d\ud835\udc2b\ud835\udc1a\ud835\udc27\ud835\udc2c\ud835\udc29\ud835\udc1e\ud835\udc2b\ud835\udc2c\ud835\udc28\ud835\udc27\ud835\udc27\ud835\udc1e\ud835\udc25: centre de conscience et de volont\u00e9 plus large que le soi personnel, correspondant au soi spirituel pour Assagioli.<\/li>\n<\/ul>\n\n\n\n<p>\ud83e\udef1 La psychosynth\u00e8se agit dans \ud835\udfd3 \ud835\udc1d\ud835\udc28\ud835\udc26\ud835\udc1a\ud835\udc22\ud835\udc27\ud835\udc1e\ud835\udc2c \ud835\udc29\ud835\udc2b\ud835\udc22\ud835\udc27\ud835\udc1c\ud835\udc22\ud835\udc29\ud835\udc1a\ud835\udc2e\ud835\udc31&nbsp;: le domaine th\u00e9rapeutique, le domaine de l\u2019int\u00e9gration personnelle&nbsp;(int\u00e9gration du mat\u00e9riel de l\u2019inconscient inf\u00e9rieur et de l\u2019inconscient moyen), le domaine de la r\u00e9alisation de soi&nbsp;(int\u00e9gration harmonieuse du soi personnel et du soi transpersonnel), le domaine de l\u2019\u00e9ducation, le domaine interpersonnel et social<\/p>\n\n\n\n<p>\ud83c\udf97\ufe0fPour Assagioli, \u00ab&nbsp;le domaine de la r\u00e9alisation de soi et de l\u2019int\u00e9gration est le c\u0153ur de la psychosynth\u00e8se.&nbsp;\u00bb, situant clairement la psychosynth\u00e8se comme avant tout une m\u00e9thode de d\u00e9veloppement personnel et spirituel. Ainsi la formation en psychosynth\u00e8se (qui m\u00e8ne \u00e0 l\u2019autoformation) n\u2019est jamais finie.<\/p>\n\n\n\n<p>La psychosynth\u00e8se, en coh\u00e9rence avec son approche profond\u00e9ment humaniste, plut\u00f4t qu\u2019une \u00e9cole ou une philosophie se d\u00e9finit comme une \u2728\ud835\udc82\ud835\udc95\ud835\udc95\ud835\udc8a\ud835\udc95\ud835\udc96\ud835\udc85\ud835\udc86 \u2728<\/p>\n\n\n\n<p><strong><em>Source<\/em><\/strong>&nbsp;: Petra Guggisberg Nocelli <em>La voie de la psychosynth\u00e8se<\/em>. 2020. Premi\u00e8re \u00e9dition italienne L\u2019Uomo edizioni 2011.<\/p>\n\n\n\n<p>\ud835\udc08\ud835\udc27\ud835\udc2c\ud835\udc2d\ud835\udc22\ud835\udc2d\ud835\udc2e\ud835\udc2d \ud835\udc05\ud835\udc2b\ud835\udc1a\ud835\udc27\ud835\udc1c\u0327\ud835\udc1a\ud835\udc22\ud835\udc2c \ud835\udc1d\ud835\udc1e \ud835\udc0f\ud835\udc2c\ud835\udc32\ud835\udc1c\ud835\udc21\ud835\udc28\ud835\udc2c\ud835\udc32\ud835\udc27\ud835\udc2d\ud835\udc21\ud835\udc1e\u0300\ud835\udc2c\ud835\udc1e | <a href=\"https:\/\/psychosynthese.fr\">https:\/\/psychosynthese.fr<\/a><a href=\"mailto:ifp@psychosynthese.fr\"><\/a> | 01 42 78 24 45<\/p>\n","protected":false},"excerpt":{"rendered":"<p>\u2728La psychosynth\u00e8se d\u2019Assagioli (abr\u00e9viation de bio-psychosynth\u00e8se) est une \ud835\udc1c\ud835\udc28\ud835\udc27\ud835\udc1c\ud835\udc1e\ud835\udc29\ud835\udc2d\ud835\udc22\ud835\udc28\ud835\udc27 \ud835\udc20\ud835\udc25\ud835\udc28\ud835\udc1b\ud835\udc1a\ud835\udc25\ud835\udc1e \ud835\udc1e\ud835\udc2d \ud835\udc1d\ud835\udc32\ud835\udc27\ud835\udc1a\ud835\udc26\ud835\udc22\ud835\udc2a\ud835\udc2e\ud835\udc1e \ud835\udc1d\ud835\udc1e \ud835\udc25\u2019\ud835\udc1e\u0302\ud835\udc2d\ud835\udc2b\ud835\udc1e \ud835\udc21\ud835\udc2e\ud835\udc26\ud835\udc1a\ud835\udc22\ud835\udc27 int\u00e9grant ses dimensions corporelles-sensorielles, \u00e9motionnelles, comportementales, intellectuelles et spirituelles. Elle vise et promeut l\u2019int\u00e9gration et la synth\u00e8se inh\u00e9rente \u00e0 la psych\u00e9 elle-m\u00eame. La psychosynth\u00e8se est ainsi une conception de l\u2019homme comme \ud835\udc1e\u0302\ud835\udc2d\ud835\udc2b\ud835\udc1e \ud835\udc1b\ud835\udc22\ud835\udc28-\ud835\udc29\ud835\udc2c\ud835\udc32\ud835\udc1c\ud835\udc21\ud835\udc28-\ud835\udc2c\ud835\udc29\ud835\udc22\ud835\udc2b\ud835\udc22\ud835\udc2d\ud835\udc2e\ud835\udc1e\ud835\udc25. L\u2019approche psychosynth\u00e9tique reconna\u00eet pleinement, tant au plan [&hellip;]<\/p>\n","protected":false},"author":1,"featured_media":3054,"comment_status":"closed","ping_status":"closed","sticky":false,"template":"","format":"standard","meta":{"_monsterinsights_skip_tracking":false,"_monsterinsights_sitenote_active":false,"_monsterinsights_sitenote_note":"","_monsterinsights_sitenote_category":0,"_uf_show_specific_survey":0,"_uf_disable_surveys":false,"footnotes":""},"categories":[11,158],"tags":[107,106,55,18],"class_list":{"0":"post-3019","1":"post","2":"type-post","3":"status-publish","4":"format-standard","5":"has-post-thumbnail","7":"category-articles","8":"category-quest-la-psychosynthese","9":"tag-bio-psycho-spirituel","10":"tag-conception-de-lhomme","11":"tag-psychologie","12":"tag-psychosynthese","13":"czr-hentry"},"yoast_head":"<!-- This site is optimized with the Yoast SEO plugin v24.6 - https:\/\/yoast.com\/wordpress\/plugins\/seo\/ -->\n<title>Qu&#039;est ce que la psychosynth\u00e8se ? L&#039;homme comme \u00eatre bio-psycho-spirituel - Institut Fran\u00e7ais de Psychosynth\u00e8se<\/title>\n<meta name=\"description\" content=\"La psychosynth\u00e8se d\u2019Assagioli (abr\u00e9viation de bio-psychosynth\u00e8se) est une \ud835\udc1c\ud835\udc28\ud835\udc27\ud835\udc1c\ud835\udc1e\ud835\udc29\ud835\udc2d\ud835\udc22\ud835\udc28\ud835\udc27 \ud835\udc20\ud835\udc25\ud835\udc28\ud835\udc1b\ud835\udc1a\ud835\udc25\ud835\udc1e \ud835\udc1e\ud835\udc2d \ud835\udc1d\ud835\udc32\ud835\udc27\ud835\udc1a\ud835\udc26\ud835\udc22\ud835\udc2a\ud835\udc2e\ud835\udc1e \ud835\udc1d\ud835\udc1e \ud835\udc25\u2019\ud835\udc1e\u0302\ud835\udc2d\ud835\udc2b\ud835\udc1e \ud835\udc21\ud835\udc2e\ud835\udc26\ud835\udc1a\ud835\udc22\ud835\udc27 int\u00e9grant ses dimensions corporelles-sensorielles, \u00e9motionnelles, comportementales, intellectuelles et spirituelles. Elle vise et promeut l\u2019int\u00e9gration et la synth\u00e8se inh\u00e9rente \u00e0 la psych\u00e9 elle-m\u00eame.\" \/>\n<meta name=\"robots\" content=\"index, follow, max-snippet:-1, max-image-preview:large, max-video-preview:-1\" \/>\n<link rel=\"canonical\" href=\"https:\/\/psychosynthese.fr\/index.php\/2023\/08\/05\/quest-ce-que-la-psychosynthese-lhomme-comme-etre-bio-psycho-spirituel\/\" \/>\n<meta property=\"og:locale\" content=\"fr_FR\" \/>\n<meta property=\"og:type\" content=\"article\" \/>\n<meta property=\"og:title\" content=\"Qu&#039;est ce que la psychosynth\u00e8se ? L&#039;homme comme \u00eatre bio-psycho-spirituel - Institut Fran\u00e7ais de Psychosynth\u00e8se\" \/>\n<meta property=\"og:description\" content=\"La psychosynth\u00e8se d\u2019Assagioli (abr\u00e9viation de bio-psychosynth\u00e8se) est une \ud835\udc1c\ud835\udc28\ud835\udc27\ud835\udc1c\ud835\udc1e\ud835\udc29\ud835\udc2d\ud835\udc22\ud835\udc28\ud835\udc27 \ud835\udc20\ud835\udc25\ud835\udc28\ud835\udc1b\ud835\udc1a\ud835\udc25\ud835\udc1e \ud835\udc1e\ud835\udc2d \ud835\udc1d\ud835\udc32\ud835\udc27\ud835\udc1a\ud835\udc26\ud835\udc22\ud835\udc2a\ud835\udc2e\ud835\udc1e \ud835\udc1d\ud835\udc1e \ud835\udc25\u2019\ud835\udc1e\u0302\ud835\udc2d\ud835\udc2b\ud835\udc1e \ud835\udc21\ud835\udc2e\ud835\udc26\ud835\udc1a\ud835\udc22\ud835\udc27 int\u00e9grant ses dimensions corporelles-sensorielles, \u00e9motionnelles, comportementales, intellectuelles et spirituelles. Elle vise et promeut l\u2019int\u00e9gration et la synth\u00e8se inh\u00e9rente \u00e0 la psych\u00e9 elle-m\u00eame.\" \/>\n<meta property=\"og:url\" content=\"https:\/\/psychosynthese.fr\/index.php\/2023\/08\/05\/quest-ce-que-la-psychosynthese-lhomme-comme-etre-bio-psycho-spirituel\/\" \/>\n<meta property=\"og:site_name\" content=\"Institut Fran\u00e7ais de Psychosynth\u00e8se\" \/>\n<meta property=\"article:publisher\" content=\"https:\/\/www.facebook.com\/ifp.paris\" \/>\n<meta property=\"article:published_time\" content=\"2023-08-05T14:19:18+00:00\" \/>\n<meta property=\"article:modified_time\" content=\"2023-12-10T17:50:22+00:00\" \/>\n<meta property=\"og:image\" content=\"https:\/\/psychosynthese.fr\/wp-content\/uploads\/2023\/08\/l-homme-etre-bio-psycho-spirituel.png\" \/>\n\t<meta property=\"og:image:width\" content=\"1640\" \/>\n\t<meta property=\"og:image:height\" content=\"800\" \/>\n\t<meta property=\"og:image:type\" content=\"image\/png\" \/>\n<meta name=\"author\" content=\"ifp2\" \/>\n<meta name=\"twitter:card\" content=\"summary_large_image\" \/>\n<meta name=\"twitter:label1\" content=\"\u00c9crit par\" \/>\n\t<meta name=\"twitter:data1\" content=\"ifp2\" \/>\n\t<meta name=\"twitter:label2\" content=\"Dur\u00e9e de lecture estim\u00e9e\" \/>\n\t<meta name=\"twitter:data2\" content=\"5 minutes\" \/>\n<script type=\"application\/ld+json\" class=\"yoast-schema-graph\">{\"@context\":\"https:\/\/schema.org\",\"@graph\":[{\"@type\":\"Article\",\"@id\":\"https:\/\/psychosynthese.fr\/index.php\/2023\/08\/05\/quest-ce-que-la-psychosynthese-lhomme-comme-etre-bio-psycho-spirituel\/#article\",\"isPartOf\":{\"@id\":\"https:\/\/psychosynthese.fr\/index.php\/2023\/08\/05\/quest-ce-que-la-psychosynthese-lhomme-comme-etre-bio-psycho-spirituel\/\"},\"author\":{\"name\":\"ifp2\",\"@id\":\"https:\/\/psychosynthese.fr\/#\/schema\/person\/89a4d60b5f41f5ee2e7293d2fe248114\"},\"headline\":\"Qu&rsquo;est ce que la psychosynth\u00e8se ? L&rsquo;homme comme \u00eatre bio-psycho-spirituel\",\"datePublished\":\"2023-08-05T14:19:18+00:00\",\"dateModified\":\"2023-12-10T17:50:22+00:00\",\"mainEntityOfPage\":{\"@id\":\"https:\/\/psychosynthese.fr\/index.php\/2023\/08\/05\/quest-ce-que-la-psychosynthese-lhomme-comme-etre-bio-psycho-spirituel\/\"},\"wordCount\":967,\"publisher\":{\"@id\":\"https:\/\/psychosynthese.fr\/#organization\"},\"image\":{\"@id\":\"https:\/\/psychosynthese.fr\/index.php\/2023\/08\/05\/quest-ce-que-la-psychosynthese-lhomme-comme-etre-bio-psycho-spirituel\/#primaryimage\"},\"thumbnailUrl\":\"https:\/\/psychosynthese.fr\/wp-content\/uploads\/2023\/08\/l-homme-etre-bio-psycho-spirituel.png\",\"keywords\":[\"bio-psycho-spirituel\",\"conception de l&#039;homme\",\"psychologie\",\"psychosynth\u00e8se\"],\"articleSection\":[\"Articles\",\"Qu'est la psychosynth\u00e8se\"],\"inLanguage\":\"fr-FR\"},{\"@type\":\"WebPage\",\"@id\":\"https:\/\/psychosynthese.fr\/index.php\/2023\/08\/05\/quest-ce-que-la-psychosynthese-lhomme-comme-etre-bio-psycho-spirituel\/\",\"url\":\"https:\/\/psychosynthese.fr\/index.php\/2023\/08\/05\/quest-ce-que-la-psychosynthese-lhomme-comme-etre-bio-psycho-spirituel\/\",\"name\":\"Qu'est ce que la psychosynth\u00e8se ? L'homme comme \u00eatre bio-psycho-spirituel - Institut Fran\u00e7ais de Psychosynth\u00e8se\",\"isPartOf\":{\"@id\":\"https:\/\/psychosynthese.fr\/#website\"},\"primaryImageOfPage\":{\"@id\":\"https:\/\/psychosynthese.fr\/index.php\/2023\/08\/05\/quest-ce-que-la-psychosynthese-lhomme-comme-etre-bio-psycho-spirituel\/#primaryimage\"},\"image\":{\"@id\":\"https:\/\/psychosynthese.fr\/index.php\/2023\/08\/05\/quest-ce-que-la-psychosynthese-lhomme-comme-etre-bio-psycho-spirituel\/#primaryimage\"},\"thumbnailUrl\":\"https:\/\/psychosynthese.fr\/wp-content\/uploads\/2023\/08\/l-homme-etre-bio-psycho-spirituel.png\",\"datePublished\":\"2023-08-05T14:19:18+00:00\",\"dateModified\":\"2023-12-10T17:50:22+00:00\",\"description\":\"La psychosynth\u00e8se d\u2019Assagioli (abr\u00e9viation de bio-psychosynth\u00e8se) est une \ud835\udc1c\ud835\udc28\ud835\udc27\ud835\udc1c\ud835\udc1e\ud835\udc29\ud835\udc2d\ud835\udc22\ud835\udc28\ud835\udc27 \ud835\udc20\ud835\udc25\ud835\udc28\ud835\udc1b\ud835\udc1a\ud835\udc25\ud835\udc1e \ud835\udc1e\ud835\udc2d \ud835\udc1d\ud835\udc32\ud835\udc27\ud835\udc1a\ud835\udc26\ud835\udc22\ud835\udc2a\ud835\udc2e\ud835\udc1e \ud835\udc1d\ud835\udc1e \ud835\udc25\u2019\ud835\udc1e\u0302\ud835\udc2d\ud835\udc2b\ud835\udc1e \ud835\udc21\ud835\udc2e\ud835\udc26\ud835\udc1a\ud835\udc22\ud835\udc27 int\u00e9grant ses dimensions corporelles-sensorielles, \u00e9motionnelles, comportementales, intellectuelles et spirituelles. Elle vise et promeut l\u2019int\u00e9gration et la synth\u00e8se inh\u00e9rente \u00e0 la psych\u00e9 elle-m\u00eame.\",\"breadcrumb\":{\"@id\":\"https:\/\/psychosynthese.fr\/index.php\/2023\/08\/05\/quest-ce-que-la-psychosynthese-lhomme-comme-etre-bio-psycho-spirituel\/#breadcrumb\"},\"inLanguage\":\"fr-FR\",\"potentialAction\":[{\"@type\":\"ReadAction\",\"target\":[\"https:\/\/psychosynthese.fr\/index.php\/2023\/08\/05\/quest-ce-que-la-psychosynthese-lhomme-comme-etre-bio-psycho-spirituel\/\"]}]},{\"@type\":\"ImageObject\",\"inLanguage\":\"fr-FR\",\"@id\":\"https:\/\/psychosynthese.fr\/index.php\/2023\/08\/05\/quest-ce-que-la-psychosynthese-lhomme-comme-etre-bio-psycho-spirituel\/#primaryimage\",\"url\":\"https:\/\/psychosynthese.fr\/wp-content\/uploads\/2023\/08\/l-homme-etre-bio-psycho-spirituel.png\",\"contentUrl\":\"https:\/\/psychosynthese.fr\/wp-content\/uploads\/2023\/08\/l-homme-etre-bio-psycho-spirituel.png\",\"width\":1640,\"height\":800},{\"@type\":\"BreadcrumbList\",\"@id\":\"https:\/\/psychosynthese.fr\/index.php\/2023\/08\/05\/quest-ce-que-la-psychosynthese-lhomme-comme-etre-bio-psycho-spirituel\/#breadcrumb\",\"itemListElement\":[{\"@type\":\"ListItem\",\"position\":1,\"name\":\"Accueil\",\"item\":\"https:\/\/psychosynthese.fr\/\"},{\"@type\":\"ListItem\",\"position\":2,\"name\":\"Qu&#8217;est ce que la psychosynth\u00e8se ? L&#8217;homme comme \u00eatre bio-psycho-spirituel\"}]},{\"@type\":\"WebSite\",\"@id\":\"https:\/\/psychosynthese.fr\/#website\",\"url\":\"https:\/\/psychosynthese.fr\/\",\"name\":\"Institut Fran\u00e7ais de Psychosynth\u00e8se\",\"description\":\"Formation en psychosynth\u00e8se\",\"publisher\":{\"@id\":\"https:\/\/psychosynthese.fr\/#organization\"},\"alternateName\":\"IFP\",\"potentialAction\":[{\"@type\":\"SearchAction\",\"target\":{\"@type\":\"EntryPoint\",\"urlTemplate\":\"https:\/\/psychosynthese.fr\/?s={search_term_string}\"},\"query-input\":{\"@type\":\"PropertyValueSpecification\",\"valueRequired\":true,\"valueName\":\"search_term_string\"}}],\"inLanguage\":\"fr-FR\"},{\"@type\":\"Organization\",\"@id\":\"https:\/\/psychosynthese.fr\/#organization\",\"name\":\"Institut Fran\u00e7ais de Psychosynth\u00e8se\",\"url\":\"https:\/\/psychosynthese.fr\/\",\"logo\":{\"@type\":\"ImageObject\",\"inLanguage\":\"fr-FR\",\"@id\":\"https:\/\/psychosynthese.fr\/#\/schema\/logo\/image\/\",\"url\":\"https:\/\/psychosynthese.fr\/wp-content\/uploads\/2017\/03\/cropped-cropped-logo-ifp-155.jpg\",\"contentUrl\":\"https:\/\/psychosynthese.fr\/wp-content\/uploads\/2017\/03\/cropped-cropped-logo-ifp-155.jpg\",\"width\":135,\"height\":135,\"caption\":\"Institut Fran\u00e7ais de Psychosynth\u00e8se\"},\"image\":{\"@id\":\"https:\/\/psychosynthese.fr\/#\/schema\/logo\/image\/\"},\"sameAs\":[\"https:\/\/www.facebook.com\/ifp.paris\",\"https:\/\/www.youtube.com\/channel\/UCKmHyF5IEF9hQ_UI4mmbYgw\"]},{\"@type\":\"Person\",\"@id\":\"https:\/\/psychosynthese.fr\/#\/schema\/person\/89a4d60b5f41f5ee2e7293d2fe248114\",\"name\":\"ifp2\",\"url\":\"https:\/\/psychosynthese.fr\/index.php\/author\/ifp\/\"}]}<\/script>\n<!-- \/ Yoast SEO plugin. -->","yoast_head_json":{"title":"Qu'est ce que la psychosynth\u00e8se ? L'homme comme \u00eatre bio-psycho-spirituel - Institut Fran\u00e7ais de Psychosynth\u00e8se","description":"La psychosynth\u00e8se d\u2019Assagioli (abr\u00e9viation de bio-psychosynth\u00e8se) est une \ud835\udc1c\ud835\udc28\ud835\udc27\ud835\udc1c\ud835\udc1e\ud835\udc29\ud835\udc2d\ud835\udc22\ud835\udc28\ud835\udc27 \ud835\udc20\ud835\udc25\ud835\udc28\ud835\udc1b\ud835\udc1a\ud835\udc25\ud835\udc1e \ud835\udc1e\ud835\udc2d \ud835\udc1d\ud835\udc32\ud835\udc27\ud835\udc1a\ud835\udc26\ud835\udc22\ud835\udc2a\ud835\udc2e\ud835\udc1e \ud835\udc1d\ud835\udc1e \ud835\udc25\u2019\ud835\udc1e\u0302\ud835\udc2d\ud835\udc2b\ud835\udc1e \ud835\udc21\ud835\udc2e\ud835\udc26\ud835\udc1a\ud835\udc22\ud835\udc27 int\u00e9grant ses dimensions corporelles-sensorielles, \u00e9motionnelles, comportementales, intellectuelles et spirituelles. Elle vise et promeut l\u2019int\u00e9gration et la synth\u00e8se inh\u00e9rente \u00e0 la psych\u00e9 elle-m\u00eame.","robots":{"index":"index","follow":"follow","max-snippet":"max-snippet:-1","max-image-preview":"max-image-preview:large","max-video-preview":"max-video-preview:-1"},"canonical":"https:\/\/psychosynthese.fr\/index.php\/2023\/08\/05\/quest-ce-que-la-psychosynthese-lhomme-comme-etre-bio-psycho-spirituel\/","og_locale":"fr_FR","og_type":"article","og_title":"Qu'est ce que la psychosynth\u00e8se ? L'homme comme \u00eatre bio-psycho-spirituel - Institut Fran\u00e7ais de Psychosynth\u00e8se","og_description":"La psychosynth\u00e8se d\u2019Assagioli (abr\u00e9viation de bio-psychosynth\u00e8se) est une \ud835\udc1c\ud835\udc28\ud835\udc27\ud835\udc1c\ud835\udc1e\ud835\udc29\ud835\udc2d\ud835\udc22\ud835\udc28\ud835\udc27 \ud835\udc20\ud835\udc25\ud835\udc28\ud835\udc1b\ud835\udc1a\ud835\udc25\ud835\udc1e \ud835\udc1e\ud835\udc2d \ud835\udc1d\ud835\udc32\ud835\udc27\ud835\udc1a\ud835\udc26\ud835\udc22\ud835\udc2a\ud835\udc2e\ud835\udc1e \ud835\udc1d\ud835\udc1e \ud835\udc25\u2019\ud835\udc1e\u0302\ud835\udc2d\ud835\udc2b\ud835\udc1e \ud835\udc21\ud835\udc2e\ud835\udc26\ud835\udc1a\ud835\udc22\ud835\udc27 int\u00e9grant ses dimensions corporelles-sensorielles, \u00e9motionnelles, comportementales, intellectuelles et spirituelles. Elle vise et promeut l\u2019int\u00e9gration et la synth\u00e8se inh\u00e9rente \u00e0 la psych\u00e9 elle-m\u00eame.","og_url":"https:\/\/psychosynthese.fr\/index.php\/2023\/08\/05\/quest-ce-que-la-psychosynthese-lhomme-comme-etre-bio-psycho-spirituel\/","og_site_name":"Institut Fran\u00e7ais de Psychosynth\u00e8se","article_publisher":"https:\/\/www.facebook.com\/ifp.paris","article_published_time":"2023-08-05T14:19:18+00:00","article_modified_time":"2023-12-10T17:50:22+00:00","og_image":[{"width":1640,"height":800,"url":"https:\/\/psychosynthese.fr\/wp-content\/uploads\/2023\/08\/l-homme-etre-bio-psycho-spirituel.png","type":"image\/png"}],"author":"ifp2","twitter_card":"summary_large_image","twitter_misc":{"\u00c9crit par":"ifp2","Dur\u00e9e de lecture estim\u00e9e":"5 minutes"},"schema":{"@context":"https:\/\/schema.org","@graph":[{"@type":"Article","@id":"https:\/\/psychosynthese.fr\/index.php\/2023\/08\/05\/quest-ce-que-la-psychosynthese-lhomme-comme-etre-bio-psycho-spirituel\/#article","isPartOf":{"@id":"https:\/\/psychosynthese.fr\/index.php\/2023\/08\/05\/quest-ce-que-la-psychosynthese-lhomme-comme-etre-bio-psycho-spirituel\/"},"author":{"name":"ifp2","@id":"https:\/\/psychosynthese.fr\/#\/schema\/person\/89a4d60b5f41f5ee2e7293d2fe248114"},"headline":"Qu&rsquo;est ce que la psychosynth\u00e8se ? L&rsquo;homme comme \u00eatre bio-psycho-spirituel","datePublished":"2023-08-05T14:19:18+00:00","dateModified":"2023-12-10T17:50:22+00:00","mainEntityOfPage":{"@id":"https:\/\/psychosynthese.fr\/index.php\/2023\/08\/05\/quest-ce-que-la-psychosynthese-lhomme-comme-etre-bio-psycho-spirituel\/"},"wordCount":967,"publisher":{"@id":"https:\/\/psychosynthese.fr\/#organization"},"image":{"@id":"https:\/\/psychosynthese.fr\/index.php\/2023\/08\/05\/quest-ce-que-la-psychosynthese-lhomme-comme-etre-bio-psycho-spirituel\/#primaryimage"},"thumbnailUrl":"https:\/\/psychosynthese.fr\/wp-content\/uploads\/2023\/08\/l-homme-etre-bio-psycho-spirituel.png","keywords":["bio-psycho-spirituel","conception de l&#039;homme","psychologie","psychosynth\u00e8se"],"articleSection":["Articles","Qu'est la psychosynth\u00e8se"],"inLanguage":"fr-FR"},{"@type":"WebPage","@id":"https:\/\/psychosynthese.fr\/index.php\/2023\/08\/05\/quest-ce-que-la-psychosynthese-lhomme-comme-etre-bio-psycho-spirituel\/","url":"https:\/\/psychosynthese.fr\/index.php\/2023\/08\/05\/quest-ce-que-la-psychosynthese-lhomme-comme-etre-bio-psycho-spirituel\/","name":"Qu'est ce que la psychosynth\u00e8se ? L'homme comme \u00eatre bio-psycho-spirituel - Institut Fran\u00e7ais de Psychosynth\u00e8se","isPartOf":{"@id":"https:\/\/psychosynthese.fr\/#website"},"primaryImageOfPage":{"@id":"https:\/\/psychosynthese.fr\/index.php\/2023\/08\/05\/quest-ce-que-la-psychosynthese-lhomme-comme-etre-bio-psycho-spirituel\/#primaryimage"},"image":{"@id":"https:\/\/psychosynthese.fr\/index.php\/2023\/08\/05\/quest-ce-que-la-psychosynthese-lhomme-comme-etre-bio-psycho-spirituel\/#primaryimage"},"thumbnailUrl":"https:\/\/psychosynthese.fr\/wp-content\/uploads\/2023\/08\/l-homme-etre-bio-psycho-spirituel.png","datePublished":"2023-08-05T14:19:18+00:00","dateModified":"2023-12-10T17:50:22+00:00","description":"La psychosynth\u00e8se d\u2019Assagioli (abr\u00e9viation de bio-psychosynth\u00e8se) est une \ud835\udc1c\ud835\udc28\ud835\udc27\ud835\udc1c\ud835\udc1e\ud835\udc29\ud835\udc2d\ud835\udc22\ud835\udc28\ud835\udc27 \ud835\udc20\ud835\udc25\ud835\udc28\ud835\udc1b\ud835\udc1a\ud835\udc25\ud835\udc1e \ud835\udc1e\ud835\udc2d \ud835\udc1d\ud835\udc32\ud835\udc27\ud835\udc1a\ud835\udc26\ud835\udc22\ud835\udc2a\ud835\udc2e\ud835\udc1e \ud835\udc1d\ud835\udc1e \ud835\udc25\u2019\ud835\udc1e\u0302\ud835\udc2d\ud835\udc2b\ud835\udc1e \ud835\udc21\ud835\udc2e\ud835\udc26\ud835\udc1a\ud835\udc22\ud835\udc27 int\u00e9grant ses dimensions corporelles-sensorielles, \u00e9motionnelles, comportementales, intellectuelles et spirituelles. Elle vise et promeut l\u2019int\u00e9gration et la synth\u00e8se inh\u00e9rente \u00e0 la psych\u00e9 elle-m\u00eame.","breadcrumb":{"@id":"https:\/\/psychosynthese.fr\/index.php\/2023\/08\/05\/quest-ce-que-la-psychosynthese-lhomme-comme-etre-bio-psycho-spirituel\/#breadcrumb"},"inLanguage":"fr-FR","potentialAction":[{"@type":"ReadAction","target":["https:\/\/psychosynthese.fr\/index.php\/2023\/08\/05\/quest-ce-que-la-psychosynthese-lhomme-comme-etre-bio-psycho-spirituel\/"]}]},{"@type":"ImageObject","inLanguage":"fr-FR","@id":"https:\/\/psychosynthese.fr\/index.php\/2023\/08\/05\/quest-ce-que-la-psychosynthese-lhomme-comme-etre-bio-psycho-spirituel\/#primaryimage","url":"https:\/\/psychosynthese.fr\/wp-content\/uploads\/2023\/08\/l-homme-etre-bio-psycho-spirituel.png","contentUrl":"https:\/\/psychosynthese.fr\/wp-content\/uploads\/2023\/08\/l-homme-etre-bio-psycho-spirituel.png","width":1640,"height":800},{"@type":"BreadcrumbList","@id":"https:\/\/psychosynthese.fr\/index.php\/2023\/08\/05\/quest-ce-que-la-psychosynthese-lhomme-comme-etre-bio-psycho-spirituel\/#breadcrumb","itemListElement":[{"@type":"ListItem","position":1,"name":"Accueil","item":"https:\/\/psychosynthese.fr\/"},{"@type":"ListItem","position":2,"name":"Qu&#8217;est ce que la psychosynth\u00e8se ? L&#8217;homme comme \u00eatre bio-psycho-spirituel"}]},{"@type":"WebSite","@id":"https:\/\/psychosynthese.fr\/#website","url":"https:\/\/psychosynthese.fr\/","name":"Institut Fran\u00e7ais de Psychosynth\u00e8se","description":"Formation en psychosynth\u00e8se","publisher":{"@id":"https:\/\/psychosynthese.fr\/#organization"},"alternateName":"IFP","potentialAction":[{"@type":"SearchAction","target":{"@type":"EntryPoint","urlTemplate":"https:\/\/psychosynthese.fr\/?s={search_term_string}"},"query-input":{"@type":"PropertyValueSpecification","valueRequired":true,"valueName":"search_term_string"}}],"inLanguage":"fr-FR"},{"@type":"Organization","@id":"https:\/\/psychosynthese.fr\/#organization","name":"Institut Fran\u00e7ais de Psychosynth\u00e8se","url":"https:\/\/psychosynthese.fr\/","logo":{"@type":"ImageObject","inLanguage":"fr-FR","@id":"https:\/\/psychosynthese.fr\/#\/schema\/logo\/image\/","url":"https:\/\/psychosynthese.fr\/wp-content\/uploads\/2017\/03\/cropped-cropped-logo-ifp-155.jpg","contentUrl":"https:\/\/psychosynthese.fr\/wp-content\/uploads\/2017\/03\/cropped-cropped-logo-ifp-155.jpg","width":135,"height":135,"caption":"Institut Fran\u00e7ais de Psychosynth\u00e8se"},"image":{"@id":"https:\/\/psychosynthese.fr\/#\/schema\/logo\/image\/"},"sameAs":["https:\/\/www.facebook.com\/ifp.paris","https:\/\/www.youtube.com\/channel\/UCKmHyF5IEF9hQ_UI4mmbYgw"]},{"@type":"Person","@id":"https:\/\/psychosynthese.fr\/#\/schema\/person\/89a4d60b5f41f5ee2e7293d2fe248114","name":"ifp2","url":"https:\/\/psychosynthese.fr\/index.php\/author\/ifp\/"}]}},"_links":{"self":[{"href":"https:\/\/psychosynthese.fr\/index.php\/wp-json\/wp\/v2\/posts\/3019","targetHints":{"allow":["GET"]}}],"collection":[{"href":"https:\/\/psychosynthese.fr\/index.php\/wp-json\/wp\/v2\/posts"}],"about":[{"href":"https:\/\/psychosynthese.fr\/index.php\/wp-json\/wp\/v2\/types\/post"}],"author":[{"embeddable":true,"href":"https:\/\/psychosynthese.fr\/index.php\/wp-json\/wp\/v2\/users\/1"}],"replies":[{"embeddable":true,"href":"https:\/\/psychosynthese.fr\/index.php\/wp-json\/wp\/v2\/comments?post=3019"}],"version-history":[{"count":4,"href":"https:\/\/psychosynthese.fr\/index.php\/wp-json\/wp\/v2\/posts\/3019\/revisions"}],"predecessor-version":[{"id":3093,"href":"https:\/\/psychosynthese.fr\/index.php\/wp-json\/wp\/v2\/posts\/3019\/revisions\/3093"}],"wp:featuredmedia":[{"embeddable":true,"href":"https:\/\/psychosynthese.fr\/index.php\/wp-json\/wp\/v2\/media\/3054"}],"wp:attachment":[{"href":"https:\/\/psychosynthese.fr\/index.php\/wp-json\/wp\/v2\/media?parent=3019"}],"wp:term":[{"taxonomy":"category","embeddable":true,"href":"https:\/\/psychosynthese.fr\/index.php\/wp-json\/wp\/v2\/categories?post=3019"},{"taxonomy":"post_tag","embeddable":true,"href":"https:\/\/psychosynthese.fr\/index.php\/wp-json\/wp\/v2\/tags?post=3019"}],"curies":[{"name":"wp","href":"https:\/\/api.w.org\/{rel}","templated":true}]}}