{"id":3239,"date":"2023-11-19T17:54:36","date_gmt":"2023-11-19T16:54:36","guid":{"rendered":"https:\/\/psychosynthese.fr\/?p=3239"},"modified":"2023-12-10T18:46:15","modified_gmt":"2023-12-10T17:46:15","slug":"images-de-soi","status":"publish","type":"post","link":"https:\/\/psychosynthese.fr\/index.php\/2023\/11\/19\/images-de-soi\/","title":{"rendered":"Qu&rsquo;est ce que la Psychosynth\u00e8se ? Images de soi"},"content":{"rendered":"<div class=\"wp-block-image\">\n<figure class=\"aligncenter size-large is-resized\"><img loading=\"lazy\" decoding=\"async\" src=\"https:\/\/psychosynthese.fr\/wp-content\/uploads\/2023\/11\/ARTICLE-QU-EST-LA-PSYCHOSYNTHESE-1640-\u00d7-800-px-1024x500.png\" alt=\"\" class=\"wp-image-3241\" width=\"387\" height=\"188\" srcset=\"https:\/\/psychosynthese.fr\/wp-content\/uploads\/2023\/11\/ARTICLE-QU-EST-LA-PSYCHOSYNTHESE-1640-\u00d7-800-px-1024x500.png 1024w, https:\/\/psychosynthese.fr\/wp-content\/uploads\/2023\/11\/ARTICLE-QU-EST-LA-PSYCHOSYNTHESE-1640-\u00d7-800-px-300x146.png 300w, https:\/\/psychosynthese.fr\/wp-content\/uploads\/2023\/11\/ARTICLE-QU-EST-LA-PSYCHOSYNTHESE-1640-\u00d7-800-px-768x375.png 768w, https:\/\/psychosynthese.fr\/wp-content\/uploads\/2023\/11\/ARTICLE-QU-EST-LA-PSYCHOSYNTHESE-1640-\u00d7-800-px-1536x749.png 1536w, https:\/\/psychosynthese.fr\/wp-content\/uploads\/2023\/11\/ARTICLE-QU-EST-LA-PSYCHOSYNTHESE-1640-\u00d7-800-px.png 1640w\" sizes=\"auto, (max-width: 387px) 100vw, 387px\" \/><\/figure><\/div>\n\n\n<div class=\"wp-block-columns is-layout-flex wp-container-core-columns-is-layout-9d6595d7 wp-block-columns-is-layout-flex\">\n<div class=\"wp-block-column is-layout-flow wp-block-column-is-layout-flow\"><\/div>\n\n\n\n<div class=\"wp-block-column is-layout-flow wp-block-column-is-layout-flow\"><\/div>\n\n\n\n<div class=\"wp-block-column is-layout-flow wp-block-column-is-layout-flow\">\n<div class=\"wp-block-buttons is-layout-flex wp-block-buttons-is-layout-flex\">\n<div class=\"wp-block-button\"><a class=\"wp-block-button__link has-vivid-cyan-blue-background-color has-background wp-element-button\" href=\"https:\/\/psychosynthese.fr\/wp-content\/uploads\/2023\/11\/231119-Identite-et-images-de-soi.pdf\" target=\"_blank\" rel=\"noreferrer noopener\">article en pdf<\/a><\/div>\n<\/div>\n<\/div>\n<\/div>\n\n\n\n<p>Par <strong>Anne-Elisabeth Louboutin<\/strong>, praticienne en psychosynth\u00e8se, formatrice \u00e0 l&rsquo;IFP<\/p>\n\n\n\n<p><strong>\ud83d\udca5<\/strong> En quoi l\u2018approche psychosynth\u00e9tique est une \ud835\udc1a\ud835\udc22\ud835\udc1d\ud835\udc1e pour moi, pour une meilleure relation avec moi-m\u00eame et avec les autres, pour trouver du sens \u00e0 mes contradictions int\u00e9rieures et aux \u00e9v\u00e9nements que je subis et enfin faire mes propres choix&nbsp;?<\/p>\n\n\n\n<p>Micheline Bres et Monique Pellerin (1) nous expliquent que <em>Le processus de psychosynth\u00e8se s\u2019appuie d\u2019abord sur la <\/em><em>\ud835\udc1c\ud835\udc28\ud835\udc27\ud835\udc27\ud835\udc1a\ud835\udc22\ud835\udc2c\ud835\udc2c\ud835\udc1a\ud835\udc27\ud835\udc1c\ud835\udc1e<\/em><em> <\/em><em>\ud835\udc1d\ud835\udc1e<\/em><em> <\/em><em>\ud835\udc2c\ud835\udc28\ud835\udc22<\/em><em>, au sens d\u2019une des caract\u00e9ristiques de la personnalit\u00e9, de ce qui dans son comportement lui est particulier et de la dynamique de son fonctionnement actuel. Ces \u00e9l\u00e9ments seront attach\u00e9s \u00e0 une exploration de l\u2019inconscient qui pourra faire appara\u00eetre des conflits internes et des m\u00e9canismes de d\u00e9fense.<\/em><\/p>\n\n\n\n<p><em>Mais cette connaissance de soi portera aussi sur les <\/em><em>\ud835\udc2f\ud835\udc22\ud835\udc2b\ud835\udc2d\ud835\udc2e\ud835\udc1a\ud835\udc25\ud835\udc22\ud835\udc2d\ud835\udc1e<\/em><em>\u0301<\/em><em>\ud835\udc2c<\/em><em>, les possibilit\u00e9s latentes, les aspirations qui permettront \u00e0 la personne d\u2019\u00e9voluer dans une certaine direction, celle qu\u2019elle aura choisie (\u2026)<\/em><\/p>\n\n\n\n<p>Nous nous formons des images de nous-m\u00eame, de notre personnalit\u00e9&nbsp;: nous percevons ce que nous croyons \u00eatre nous-m\u00eame et ce que les autres pensent de nous.<\/p>\n\n\n\n<p>\ud83d\udc49 Assagioli (2) nous indique&nbsp;<em>: Chacun de nous a d\u00e9j\u00e0 form\u00e9 int\u00e9rieurement des mod\u00e8les de lui-m\u00eame, ou plus exactement de sa personnalit\u00e9.<\/em><\/p>\n\n\n\n<p><em>De telles images, non seulement sont diverses par leur nature et leur origine, mais elles sont souvent en conflit entre elles. Prendre conscience de ces diff\u00e9rentes images est une pr\u00e9paration n\u00e9cessaire \u00e0 la psychosynth\u00e8se.<\/em><\/p>\n\n\n\n<p><em>Avant de traiter du \u00ab&nbsp;mod\u00e8le id\u00e9al&nbsp;\u00bb, de ce que chacun de nous peut devenir &#8211; (et c\u2019est l\u00e0 le but essentiel de cette technique) &#8211; nous examinerons bri\u00e8vement les diff\u00e9rentes sortes d\u2019images que nous portons en nous et celles que les autres ont de nous et projettent sur nous.<\/em><\/p>\n\n\n\n<p>Assagioli les pr\u00e9sente en 7 cat\u00e9gories&nbsp;:<\/p>\n\n\n\n<ul class=\"wp-block-list\">\n<li>ce que nous croyons \u00eatre : celles o\u00f9 nous nous surestimons et celles o\u00f9 nous&nbsp; nous sous-estimons<\/li>\n\n\n\n<li>ce que nous aimerions \u00eatre, image id\u00e9alis\u00e9e de soi-m\u00eame irr\u00e9elle<\/li>\n\n\n\n<li>les images que les autres ont de nous, ce qu\u2019ils croient que nous sommes<\/li>\n\n\n\n<li>les mod\u00e8les cr\u00e9\u00e9s par les autres, ce qu\u2019ils voudraient que nous soyons, selon leurs d\u00e9sirs<\/li>\n\n\n\n<li>les images que les autres \u00e9voquent et font surgir en nous et que nous acceptons, ce que nous voudrions para\u00eetre aux yeux d\u2019autrui, ce que nous faisons semblant d\u2019\u00eatre, les masques<\/li>\n\n\n\n<li>ce que nous pouvons devenir, mod\u00e8le id\u00e9al, but de la psychosynth\u00e8se.<\/li>\n<\/ul>\n\n\n\n<p>\ud83d\udc49 Petra Guggisberg Nocelli (3) nous \u00e9claire encore&nbsp;:<\/p>\n\n\n\n<p><em>\ud835\udc02\ud835\udc1e<\/em><em> <\/em><em>\ud835\udc2a\ud835\udc2e\ud835\udc1e<\/em><em> <\/em><em>\ud835\udc27\ud835\udc28\ud835\udc2e\ud835\udc2c<\/em><em> <\/em><em>\ud835\udc2f\ud835\udc28\ud835\udc2e\ud835\udc25\ud835\udc28\ud835\udc27\ud835\udc2c<\/em><em> <\/em><em>\ud835\udc1e\ud835\udc2d<\/em><em> <\/em><em>\ud835\udc29\ud835\udc28\ud835\udc2e\ud835\udc2f\ud835\udc28\ud835\udc27\ud835\udc2c<\/em><em> <\/em><em>\ud835\udc1d\ud835\udc1e\ud835\udc2f\ud835\udc1e\ud835\udc27\ud835\udc22\ud835\udc2b<\/em><em>. Parler du \u00ab&nbsp;mod\u00e8le id\u00e9al&nbsp;\u00bb ne se r\u00e9f\u00e8re pas seulement \u00e0 l\u2019une des techniques actives et fondamentales utilis\u00e9es par la psychosynth\u00e8se pour faciliter les processus de transformation. Parler du \u00ab&nbsp;mod\u00e8le id\u00e9al&nbsp;\u00bb, c\u2019est avant tout pr\u00e9senter un outil qui promeut la construction d\u2019une attitude int\u00e9rieure visant \u00e0 vivre avec toujours plus de conscience et de fluidit\u00e9 les transformations in\u00e9vitables qui nous sollicitent chaque jour.<\/em><\/p>\n\n\n\n<p>\ud83d\udc49<em> <\/em>La phase pr\u00e9paratoire<em>&nbsp;: les images de soi.<\/em><\/p>\n\n\n\n<p><em>Le but de la technique du \u00ab&nbsp;mod\u00e8le id\u00e9al&nbsp;\u00bb est celle d\u2019utiliser <\/em><em>\ud835\udc25\ud835\udc1a<\/em><em> <\/em><em>\ud835\udc29\ud835\udc2e\ud835\udc22\ud835\udc2c\ud835\udc2c\ud835\udc1a\ud835\udc27\ud835\udc1c\ud835\udc1e<\/em><em> <\/em><em>\ud835\udc1c\ud835\udc2b\ud835\udc1e<\/em><em>\u0301<\/em><em>\ud835\udc1a\ud835\udc2d\ud835\udc22\ud835\udc2f\ud835\udc1e<\/em><em> <\/em><em>\ud835\udc1e\ud835\udc2d<\/em><em> <\/em><em>\ud835\udc1d\ud835\udc32\ud835\udc27\ud835\udc1a\ud835\udc26\ud835\udc22\ud835\udc2a\ud835\udc2e\ud835\udc1e<\/em><em> <\/em><em>\ud835\udc1d\ud835\udc1e\ud835\udc2c<\/em><em> <\/em><em>\ud835\udc22\ud835\udc26\ud835\udc1a\ud835\udc20\ud835\udc1e\ud835\udc2c<\/em><em>, en particulier des images visuelles. Avant de pouvoir utiliser la technique du \u00ab&nbsp;mod\u00e8le id\u00e9al&nbsp;\u00bb, nous devons \u00eatre conscients des diff\u00e9rentes images que nous avons de nous-m\u00eame, de celles que les autres ont et projettent sur nous et leurs cons\u00e9quences sur notre vie int\u00e9rieure et ext\u00e9rieure<\/em>.<\/p>\n\n\n\n<p>\ud83d\udc49 Piero Ferrucci (4) partage avec nous, dans le chapitre <em>Votre vie, votre chef-d\u2019\u0153uvre&nbsp;!<\/em><\/p>\n\n\n\n<p><em>Nous sommes tous destin\u00e9s \u00e0 accomplir un mod\u00e8le de vie particulier. Et m\u00eame si tous les mod\u00e8les sont d\u2019une \u00e9gale dignit\u00e9, chacun de nous devrait se saisir de la possibilit\u00e9 qui lui est sp\u00e9cifiquement propre et non celle d\u2019un autre.<\/em><\/p>\n\n\n\n<p><em>Chacun de nous devrait essayer de <\/em><em>\ud835\udc1d\ud835\udc1e<\/em><em>\u0301<\/em><em>\ud835\udc1c\ud835\udc28\ud835\udc2e\ud835\udc2f\ud835\udc2b\ud835\udc22\ud835\udc2b<\/em><em> <\/em><em>\ud835\udc2c\ud835\udc28\ud835\udc27<\/em><em> <\/em><em>\ud835\udc26\ud835\udc28\ud835\udc1d\ud835\udc1e<\/em><em>\u0300<\/em><em>\ud835\udc25\ud835\udc1e<\/em><em> et de collaborer \u00e0 sa r\u00e9alisation.<\/em><\/p>\n\n\n\n<p><em>Le propos de notre vie toute enti\u00e8re est d\u00e9j\u00e0 pr\u00e9sent en nous, et plus encore, il y a \u00e0 chaque \u00e9tape de notre vie des finalit\u00e9s subordonn\u00e9es, des \u00e9tapes sur le chemin qui m\u00e8nent \u00e0 l\u2019accomplissement de notre mod\u00e8le id\u00e9al (\u2026) Nous parlons plut\u00f4t de quelque chose d\u2019\u00e9minemment pratique et personnel&nbsp;: r\u00e9aliser nos tendances int\u00e9rieures les plus profondes, instants apr\u00e8s instants, de la fa\u00e7on la plus souhaitable et la plus efficace. Nous parlons d\u2019un processus de d\u00e9veloppement qui, en autant qu\u2019il est conforme au mod\u00e8le particulier r\u00e9sidant en chacun de nous, est marqu\u00e9 par la joie.<\/em><\/p>\n\n\n\n<p>\ud83d\udc49 Petra Guggisberg Nocelli (3) rapporte&nbsp;:<\/p>\n\n\n\n<p><em>\ud835\udc0b<\/em><em>\u2019<\/em><em>\ud835\udc22\ud835\udc26\ud835\udc1a\ud835\udc20\ud835\udc22\ud835\udc27\ud835\udc1a\ud835\udc22\ud835\udc2b\ud835\udc1e<\/em><em> <\/em><em>\ud835\udc1a<\/em><em> <\/em><em>\ud835\udc25<\/em><em>\u2019<\/em><em>\ud835\udc22\ud835\udc27\ud835\udc1c\ud835\udc2b\ud835\udc28\ud835\udc32\ud835\udc1a\ud835\udc1b\ud835\udc25\ud835\udc1e<\/em><em> <\/em><em>\ud835\udc29\ud835\udc28\ud835\udc2e\ud835\udc2f\ud835\udc28\ud835\udc22\ud835\udc2b<\/em><em> <\/em><em>\ud835\udc1d\ud835\udc1e<\/em><em> <\/em><em>\ud835\udc1f\ud835\udc1a\ud835\udc1c<\/em><em>\u0327<\/em><em>\ud835\udc28\ud835\udc27\ud835\udc27\ud835\udc1e\ud835\udc2b<\/em><em> <\/em><em>\ud835\udc29\ud835\udc2b\ud835\udc28\ud835\udc1f\ud835\udc28\ud835\udc27\ud835\udc1d\ud835\udc1e<\/em><em>\u0301<\/em><em>\ud835\udc26\ud835\udc1e\ud835\udc27\ud835\udc2d<\/em><em> <\/em><em>\ud835\udc27\ud835\udc28\ud835\udc2c<\/em><em> <\/em><em>\ud835\udc2f\ud835\udc22\ud835\udc1e\ud835\udc2c<\/em><em>, aussi bien en un sens positif que n\u00e9gatif. Nous savons que les forces de l\u2019inconscient inf\u00e9rieur avec ses fant\u00f4mes peuvent profond\u00e9ment influencer et d\u00e9former notre projet existentiel au prix d\u2019une grande souffrance. D\u2019autres images, en particulier lorsqu\u2019elles sont utilis\u00e9es syst\u00e9matiquement et explicitement comme dans la technique du \u00ab&nbsp;mod\u00e8le id\u00e9al&nbsp;\u00bb, ont le pouvoir de stimuler r\u00e9ellement ce qui est bon en nous, d\u2019\u00e9voquer de nouvelles capacit\u00e9s et qualit\u00e9s, de favoriser l\u2019expression de qui nous sommes vraiment, d\u2019accomplir notre v\u00e9ritable projet existentiel.<\/em><\/p>\n\n\n\n<p><em>La loi psychologique sur laquelle repose cette technique a \u00e9t\u00e9 formul\u00e9e par Assogioli comme suit&nbsp;:&nbsp;<strong>Les images ou les repr\u00e9sentations mentales et les id\u00e9es tendent \u00e0 produire les conditions physiques et les actes ext\u00e9rieurs qui leur correspondent<\/strong>. Cette loi indique que chaque image est une action \u00e0 l\u2019\u00e9tat latent, et contient un \u00e9l\u00e9ment moteur. Ainsi plus l\u2019image de ce que nous voulons r\u00e9aliser est claire dans notre esprit plus ce que nous pensons et imaginons tendra \u00e0 se concr\u00e9tiser et \u00e0 se manifester dans la r\u00e9alit\u00e9. De plus chaque r\u00e9alisation, chaque acte m\u00eame inconscient, est pr\u00e9c\u00e9d\u00e9 d\u2019une id\u00e9e, d\u2019un sch\u00e9ma moteur, d\u2019un projet.<\/em><\/p>\n\n\n\n<p><strong>\ud83d\udca5<\/strong> Conclusion : Comment transposer le mod\u00e8le imagin\u00e9 en mod\u00e8le en action ? Assagioli (2) nous indique&nbsp;<em>: L\u2019imagination cr\u00e9atrice engendre toujours du nouveau, et tend ensuite \u00e0 exprimer ext\u00e9rieurement, dans l\u2019action, ce qui a \u00e9t\u00e9 imagin\u00e9 et visualis\u00e9.<\/em><\/p>\n\n\n\n<p>Nous le verrons, la prochaine fois, en parlant plus pr\u00e9cis\u00e9ment de l\u2019exercice du \u00ab&nbsp;mod\u00e8le id\u00e9al&nbsp;\u00bb.<\/p>\n\n\n\n<p><em>Source<\/em><\/p>\n\n\n\n<p>(1) BRES, Micheline, PELLERIN Monique, <em><strong>La psychosynth\u00e8se<\/strong><\/em>, PUF \u00ab&nbsp;Que sais-je&nbsp;\u00bb, 1994<\/p>\n\n\n\n<p>(2) ASSAGIOLI Roberto, <em>Psychosynth\u00e8se, principes et techniques<\/em>, Editions Descl\u00e9e de Brouwer, 1991<\/p>\n\n\n\n<p>(3) GUGGISBERG NOCELLI Petra, <strong><em>La voie de la Psychosynth\u00e8se : Un guide complet des origines, des concepts et des exp\u00e9riences fondamentales de la Psychosynth\u00e8se<\/em><\/strong><em> accompagn\u00e9 d\u2019une biographie de Roberto Assagioli<\/em>, L\u2019Uomo Edizioni, trad. fran\u00e7aise 2019 (en anglais: <em>The way of Psychosynthesis<\/em>, Ed. William Burr, Easton, Maryland 2017)<\/p>\n\n\n\n<p>(4) FERRUCCI Piero, <strong><em>La psychosynth\u00e8se : guide conceptuel et pratique de r\u00e9alisation du soi, <\/em><\/strong>\u00c9ditions du Centre de psychosynth\u00e8se de Montr\u00e9al, 1985 &#8211; 275 pages<\/p>\n","protected":false},"excerpt":{"rendered":"<p>En quoi l\u2018approche psychosynth\u00e9tique est une \ud835\udc1a\ud835\udc22\ud835\udc1d\ud835\udc1e pour moi, pour une meilleure relation avec moi-m\u00eame et avec les autres, pour trouver du sens \u00e0 mes contradictions int\u00e9rieures et aux \u00e9v\u00e9nements que je subis et enfin faire mes propres choix ?<\/p>\n<p>En quoi les \ud835\udc22\ud835\udc26\ud835\udc1a\ud835\udc20\ud835\udc1e\ud835\udc2c que j&rsquo;ai de moi-m\u00eame, celles o\u00f9 je me per\u00e7ois, celles de comment les autres me voient, peuvent m&rsquo;\u00e9clairer pour trouver mon projet existentiel ?<\/p>\n","protected":false},"author":1,"featured_media":3241,"comment_status":"closed","ping_status":"closed","sticky":false,"template":"","format":"standard","meta":{"_monsterinsights_skip_tracking":false,"_monsterinsights_sitenote_active":false,"_monsterinsights_sitenote_note":"","_monsterinsights_sitenote_category":0,"_uf_show_specific_survey":0,"_uf_disable_surveys":false,"footnotes":""},"categories":[11,158],"tags":[152,153,55,18],"class_list":{"0":"post-3239","1":"post","2":"type-post","3":"status-publish","4":"format-standard","5":"has-post-thumbnail","7":"category-articles","8":"category-quest-la-psychosynthese","9":"tag-images","10":"tag-imagesesoi","11":"tag-psychologie","12":"tag-psychosynthese","13":"czr-hentry"},"yoast_head":"<!-- This site is optimized with the Yoast SEO plugin v24.6 - https:\/\/yoast.com\/wordpress\/plugins\/seo\/ -->\n<title>Qu&#039;est ce que la Psychosynth\u00e8se ? Images de soi - Institut Fran\u00e7ais de Psychosynth\u00e8se<\/title>\n<meta name=\"description\" content=\"En quoi l\u2018approche psychosynth\u00e9tique est une \ud835\udc1a\ud835\udc22\ud835\udc1d\ud835\udc1e pour moi, pour une meilleure relation avec moi-m\u00eame et avec les autres, pour trouver du sens \u00e0 mes contradictions int\u00e9rieures et aux \u00e9v\u00e9nements que je subis et enfin faire mes propres choix ? En quoi les \ud835\udc22\ud835\udc26\ud835\udc1a\ud835\udc20\ud835\udc1e\ud835\udc2c que j&#039;ai de moi-m\u00eame, celles o\u00f9 je me per\u00e7ois, celles de comment les autres me voient, peuvent m&#039;\u00e9clairer pour trouver mon projet existentiel ?\" \/>\n<meta name=\"robots\" content=\"index, follow, max-snippet:-1, max-image-preview:large, max-video-preview:-1\" \/>\n<link rel=\"canonical\" href=\"https:\/\/psychosynthese.fr\/index.php\/2023\/11\/19\/images-de-soi\/\" \/>\n<meta property=\"og:locale\" content=\"fr_FR\" \/>\n<meta property=\"og:type\" content=\"article\" \/>\n<meta property=\"og:title\" content=\"Qu&#039;est ce que la Psychosynth\u00e8se ? Images de soi - Institut Fran\u00e7ais de Psychosynth\u00e8se\" \/>\n<meta property=\"og:description\" content=\"En quoi l\u2018approche psychosynth\u00e9tique est une \ud835\udc1a\ud835\udc22\ud835\udc1d\ud835\udc1e pour moi, pour une meilleure relation avec moi-m\u00eame et avec les autres, pour trouver du sens \u00e0 mes contradictions int\u00e9rieures et aux \u00e9v\u00e9nements que je subis et enfin faire mes propres choix ? En quoi les \ud835\udc22\ud835\udc26\ud835\udc1a\ud835\udc20\ud835\udc1e\ud835\udc2c que j&#039;ai de moi-m\u00eame, celles o\u00f9 je me per\u00e7ois, celles de comment les autres me voient, peuvent m&#039;\u00e9clairer pour trouver mon projet existentiel ?\" \/>\n<meta property=\"og:url\" content=\"https:\/\/psychosynthese.fr\/index.php\/2023\/11\/19\/images-de-soi\/\" \/>\n<meta property=\"og:site_name\" content=\"Institut Fran\u00e7ais de Psychosynth\u00e8se\" \/>\n<meta property=\"article:publisher\" content=\"https:\/\/www.facebook.com\/ifp.paris\" \/>\n<meta property=\"article:published_time\" content=\"2023-11-19T16:54:36+00:00\" \/>\n<meta property=\"article:modified_time\" content=\"2023-12-10T17:46:15+00:00\" \/>\n<meta property=\"og:image\" content=\"https:\/\/psychosynthese.fr\/wp-content\/uploads\/2023\/11\/ARTICLE-QU-EST-LA-PSYCHOSYNTHESE-1640-\u00d7-800-px.png\" \/>\n\t<meta property=\"og:image:width\" content=\"1640\" \/>\n\t<meta property=\"og:image:height\" content=\"800\" \/>\n\t<meta property=\"og:image:type\" content=\"image\/png\" \/>\n<meta name=\"author\" content=\"ifp2\" \/>\n<meta name=\"twitter:card\" content=\"summary_large_image\" \/>\n<meta name=\"twitter:label1\" content=\"\u00c9crit par\" \/>\n\t<meta name=\"twitter:data1\" content=\"ifp2\" \/>\n\t<meta name=\"twitter:label2\" content=\"Dur\u00e9e de lecture estim\u00e9e\" \/>\n\t<meta name=\"twitter:data2\" content=\"6 minutes\" \/>\n<script type=\"application\/ld+json\" class=\"yoast-schema-graph\">{\"@context\":\"https:\/\/schema.org\",\"@graph\":[{\"@type\":\"Article\",\"@id\":\"https:\/\/psychosynthese.fr\/index.php\/2023\/11\/19\/images-de-soi\/#article\",\"isPartOf\":{\"@id\":\"https:\/\/psychosynthese.fr\/index.php\/2023\/11\/19\/images-de-soi\/\"},\"author\":{\"name\":\"ifp2\",\"@id\":\"https:\/\/psychosynthese.fr\/#\/schema\/person\/89a4d60b5f41f5ee2e7293d2fe248114\"},\"headline\":\"Qu&rsquo;est ce que la Psychosynth\u00e8se ? Images de soi\",\"datePublished\":\"2023-11-19T16:54:36+00:00\",\"dateModified\":\"2023-12-10T17:46:15+00:00\",\"mainEntityOfPage\":{\"@id\":\"https:\/\/psychosynthese.fr\/index.php\/2023\/11\/19\/images-de-soi\/\"},\"wordCount\":1173,\"publisher\":{\"@id\":\"https:\/\/psychosynthese.fr\/#organization\"},\"image\":{\"@id\":\"https:\/\/psychosynthese.fr\/index.php\/2023\/11\/19\/images-de-soi\/#primaryimage\"},\"thumbnailUrl\":\"https:\/\/psychosynthese.fr\/wp-content\/uploads\/2023\/11\/ARTICLE-QU-EST-LA-PSYCHOSYNTHESE-1640-\u00d7-800-px.png\",\"keywords\":[\"images\",\"imagesesoi\",\"psychologie\",\"psychosynth\u00e8se\"],\"articleSection\":[\"Articles\",\"Qu'est la psychosynth\u00e8se\"],\"inLanguage\":\"fr-FR\"},{\"@type\":\"WebPage\",\"@id\":\"https:\/\/psychosynthese.fr\/index.php\/2023\/11\/19\/images-de-soi\/\",\"url\":\"https:\/\/psychosynthese.fr\/index.php\/2023\/11\/19\/images-de-soi\/\",\"name\":\"Qu'est ce que la Psychosynth\u00e8se ? Images de soi - Institut Fran\u00e7ais de Psychosynth\u00e8se\",\"isPartOf\":{\"@id\":\"https:\/\/psychosynthese.fr\/#website\"},\"primaryImageOfPage\":{\"@id\":\"https:\/\/psychosynthese.fr\/index.php\/2023\/11\/19\/images-de-soi\/#primaryimage\"},\"image\":{\"@id\":\"https:\/\/psychosynthese.fr\/index.php\/2023\/11\/19\/images-de-soi\/#primaryimage\"},\"thumbnailUrl\":\"https:\/\/psychosynthese.fr\/wp-content\/uploads\/2023\/11\/ARTICLE-QU-EST-LA-PSYCHOSYNTHESE-1640-\u00d7-800-px.png\",\"datePublished\":\"2023-11-19T16:54:36+00:00\",\"dateModified\":\"2023-12-10T17:46:15+00:00\",\"description\":\"En quoi l\u2018approche psychosynth\u00e9tique est une \ud835\udc1a\ud835\udc22\ud835\udc1d\ud835\udc1e pour moi, pour une meilleure relation avec moi-m\u00eame et avec les autres, pour trouver du sens \u00e0 mes contradictions int\u00e9rieures et aux \u00e9v\u00e9nements que je subis et enfin faire mes propres choix ? En quoi les \ud835\udc22\ud835\udc26\ud835\udc1a\ud835\udc20\ud835\udc1e\ud835\udc2c que j'ai de moi-m\u00eame, celles o\u00f9 je me per\u00e7ois, celles de comment les autres me voient, peuvent m'\u00e9clairer pour trouver mon projet existentiel ?\",\"breadcrumb\":{\"@id\":\"https:\/\/psychosynthese.fr\/index.php\/2023\/11\/19\/images-de-soi\/#breadcrumb\"},\"inLanguage\":\"fr-FR\",\"potentialAction\":[{\"@type\":\"ReadAction\",\"target\":[\"https:\/\/psychosynthese.fr\/index.php\/2023\/11\/19\/images-de-soi\/\"]}]},{\"@type\":\"ImageObject\",\"inLanguage\":\"fr-FR\",\"@id\":\"https:\/\/psychosynthese.fr\/index.php\/2023\/11\/19\/images-de-soi\/#primaryimage\",\"url\":\"https:\/\/psychosynthese.fr\/wp-content\/uploads\/2023\/11\/ARTICLE-QU-EST-LA-PSYCHOSYNTHESE-1640-\u00d7-800-px.png\",\"contentUrl\":\"https:\/\/psychosynthese.fr\/wp-content\/uploads\/2023\/11\/ARTICLE-QU-EST-LA-PSYCHOSYNTHESE-1640-\u00d7-800-px.png\",\"width\":1640,\"height\":800},{\"@type\":\"BreadcrumbList\",\"@id\":\"https:\/\/psychosynthese.fr\/index.php\/2023\/11\/19\/images-de-soi\/#breadcrumb\",\"itemListElement\":[{\"@type\":\"ListItem\",\"position\":1,\"name\":\"Accueil\",\"item\":\"https:\/\/psychosynthese.fr\/\"},{\"@type\":\"ListItem\",\"position\":2,\"name\":\"Qu&#8217;est ce que la Psychosynth\u00e8se ? Images de soi\"}]},{\"@type\":\"WebSite\",\"@id\":\"https:\/\/psychosynthese.fr\/#website\",\"url\":\"https:\/\/psychosynthese.fr\/\",\"name\":\"Institut Fran\u00e7ais de Psychosynth\u00e8se\",\"description\":\"Formation en psychosynth\u00e8se\",\"publisher\":{\"@id\":\"https:\/\/psychosynthese.fr\/#organization\"},\"alternateName\":\"IFP\",\"potentialAction\":[{\"@type\":\"SearchAction\",\"target\":{\"@type\":\"EntryPoint\",\"urlTemplate\":\"https:\/\/psychosynthese.fr\/?s={search_term_string}\"},\"query-input\":{\"@type\":\"PropertyValueSpecification\",\"valueRequired\":true,\"valueName\":\"search_term_string\"}}],\"inLanguage\":\"fr-FR\"},{\"@type\":\"Organization\",\"@id\":\"https:\/\/psychosynthese.fr\/#organization\",\"name\":\"Institut Fran\u00e7ais de Psychosynth\u00e8se\",\"url\":\"https:\/\/psychosynthese.fr\/\",\"logo\":{\"@type\":\"ImageObject\",\"inLanguage\":\"fr-FR\",\"@id\":\"https:\/\/psychosynthese.fr\/#\/schema\/logo\/image\/\",\"url\":\"https:\/\/psychosynthese.fr\/wp-content\/uploads\/2017\/03\/cropped-cropped-logo-ifp-155.jpg\",\"contentUrl\":\"https:\/\/psychosynthese.fr\/wp-content\/uploads\/2017\/03\/cropped-cropped-logo-ifp-155.jpg\",\"width\":135,\"height\":135,\"caption\":\"Institut Fran\u00e7ais de Psychosynth\u00e8se\"},\"image\":{\"@id\":\"https:\/\/psychosynthese.fr\/#\/schema\/logo\/image\/\"},\"sameAs\":[\"https:\/\/www.facebook.com\/ifp.paris\",\"https:\/\/www.youtube.com\/channel\/UCKmHyF5IEF9hQ_UI4mmbYgw\"]},{\"@type\":\"Person\",\"@id\":\"https:\/\/psychosynthese.fr\/#\/schema\/person\/89a4d60b5f41f5ee2e7293d2fe248114\",\"name\":\"ifp2\",\"url\":\"https:\/\/psychosynthese.fr\/index.php\/author\/ifp\/\"}]}<\/script>\n<!-- \/ Yoast SEO plugin. -->","yoast_head_json":{"title":"Qu'est ce que la Psychosynth\u00e8se ? Images de soi - Institut Fran\u00e7ais de Psychosynth\u00e8se","description":"En quoi l\u2018approche psychosynth\u00e9tique est une \ud835\udc1a\ud835\udc22\ud835\udc1d\ud835\udc1e pour moi, pour une meilleure relation avec moi-m\u00eame et avec les autres, pour trouver du sens \u00e0 mes contradictions int\u00e9rieures et aux \u00e9v\u00e9nements que je subis et enfin faire mes propres choix ? En quoi les \ud835\udc22\ud835\udc26\ud835\udc1a\ud835\udc20\ud835\udc1e\ud835\udc2c que j'ai de moi-m\u00eame, celles o\u00f9 je me per\u00e7ois, celles de comment les autres me voient, peuvent m'\u00e9clairer pour trouver mon projet existentiel ?","robots":{"index":"index","follow":"follow","max-snippet":"max-snippet:-1","max-image-preview":"max-image-preview:large","max-video-preview":"max-video-preview:-1"},"canonical":"https:\/\/psychosynthese.fr\/index.php\/2023\/11\/19\/images-de-soi\/","og_locale":"fr_FR","og_type":"article","og_title":"Qu'est ce que la Psychosynth\u00e8se ? Images de soi - Institut Fran\u00e7ais de Psychosynth\u00e8se","og_description":"En quoi l\u2018approche psychosynth\u00e9tique est une \ud835\udc1a\ud835\udc22\ud835\udc1d\ud835\udc1e pour moi, pour une meilleure relation avec moi-m\u00eame et avec les autres, pour trouver du sens \u00e0 mes contradictions int\u00e9rieures et aux \u00e9v\u00e9nements que je subis et enfin faire mes propres choix ? En quoi les \ud835\udc22\ud835\udc26\ud835\udc1a\ud835\udc20\ud835\udc1e\ud835\udc2c que j'ai de moi-m\u00eame, celles o\u00f9 je me per\u00e7ois, celles de comment les autres me voient, peuvent m'\u00e9clairer pour trouver mon projet existentiel ?","og_url":"https:\/\/psychosynthese.fr\/index.php\/2023\/11\/19\/images-de-soi\/","og_site_name":"Institut Fran\u00e7ais de Psychosynth\u00e8se","article_publisher":"https:\/\/www.facebook.com\/ifp.paris","article_published_time":"2023-11-19T16:54:36+00:00","article_modified_time":"2023-12-10T17:46:15+00:00","og_image":[{"width":1640,"height":800,"url":"https:\/\/psychosynthese.fr\/wp-content\/uploads\/2023\/11\/ARTICLE-QU-EST-LA-PSYCHOSYNTHESE-1640-\u00d7-800-px.png","type":"image\/png"}],"author":"ifp2","twitter_card":"summary_large_image","twitter_misc":{"\u00c9crit par":"ifp2","Dur\u00e9e de lecture estim\u00e9e":"6 minutes"},"schema":{"@context":"https:\/\/schema.org","@graph":[{"@type":"Article","@id":"https:\/\/psychosynthese.fr\/index.php\/2023\/11\/19\/images-de-soi\/#article","isPartOf":{"@id":"https:\/\/psychosynthese.fr\/index.php\/2023\/11\/19\/images-de-soi\/"},"author":{"name":"ifp2","@id":"https:\/\/psychosynthese.fr\/#\/schema\/person\/89a4d60b5f41f5ee2e7293d2fe248114"},"headline":"Qu&rsquo;est ce que la Psychosynth\u00e8se ? Images de soi","datePublished":"2023-11-19T16:54:36+00:00","dateModified":"2023-12-10T17:46:15+00:00","mainEntityOfPage":{"@id":"https:\/\/psychosynthese.fr\/index.php\/2023\/11\/19\/images-de-soi\/"},"wordCount":1173,"publisher":{"@id":"https:\/\/psychosynthese.fr\/#organization"},"image":{"@id":"https:\/\/psychosynthese.fr\/index.php\/2023\/11\/19\/images-de-soi\/#primaryimage"},"thumbnailUrl":"https:\/\/psychosynthese.fr\/wp-content\/uploads\/2023\/11\/ARTICLE-QU-EST-LA-PSYCHOSYNTHESE-1640-\u00d7-800-px.png","keywords":["images","imagesesoi","psychologie","psychosynth\u00e8se"],"articleSection":["Articles","Qu'est la psychosynth\u00e8se"],"inLanguage":"fr-FR"},{"@type":"WebPage","@id":"https:\/\/psychosynthese.fr\/index.php\/2023\/11\/19\/images-de-soi\/","url":"https:\/\/psychosynthese.fr\/index.php\/2023\/11\/19\/images-de-soi\/","name":"Qu'est ce que la Psychosynth\u00e8se ? Images de soi - Institut Fran\u00e7ais de Psychosynth\u00e8se","isPartOf":{"@id":"https:\/\/psychosynthese.fr\/#website"},"primaryImageOfPage":{"@id":"https:\/\/psychosynthese.fr\/index.php\/2023\/11\/19\/images-de-soi\/#primaryimage"},"image":{"@id":"https:\/\/psychosynthese.fr\/index.php\/2023\/11\/19\/images-de-soi\/#primaryimage"},"thumbnailUrl":"https:\/\/psychosynthese.fr\/wp-content\/uploads\/2023\/11\/ARTICLE-QU-EST-LA-PSYCHOSYNTHESE-1640-\u00d7-800-px.png","datePublished":"2023-11-19T16:54:36+00:00","dateModified":"2023-12-10T17:46:15+00:00","description":"En quoi l\u2018approche psychosynth\u00e9tique est une \ud835\udc1a\ud835\udc22\ud835\udc1d\ud835\udc1e pour moi, pour une meilleure relation avec moi-m\u00eame et avec les autres, pour trouver du sens \u00e0 mes contradictions int\u00e9rieures et aux \u00e9v\u00e9nements que je subis et enfin faire mes propres choix ? En quoi les \ud835\udc22\ud835\udc26\ud835\udc1a\ud835\udc20\ud835\udc1e\ud835\udc2c que j'ai de moi-m\u00eame, celles o\u00f9 je me per\u00e7ois, celles de comment les autres me voient, peuvent m'\u00e9clairer pour trouver mon projet existentiel ?","breadcrumb":{"@id":"https:\/\/psychosynthese.fr\/index.php\/2023\/11\/19\/images-de-soi\/#breadcrumb"},"inLanguage":"fr-FR","potentialAction":[{"@type":"ReadAction","target":["https:\/\/psychosynthese.fr\/index.php\/2023\/11\/19\/images-de-soi\/"]}]},{"@type":"ImageObject","inLanguage":"fr-FR","@id":"https:\/\/psychosynthese.fr\/index.php\/2023\/11\/19\/images-de-soi\/#primaryimage","url":"https:\/\/psychosynthese.fr\/wp-content\/uploads\/2023\/11\/ARTICLE-QU-EST-LA-PSYCHOSYNTHESE-1640-\u00d7-800-px.png","contentUrl":"https:\/\/psychosynthese.fr\/wp-content\/uploads\/2023\/11\/ARTICLE-QU-EST-LA-PSYCHOSYNTHESE-1640-\u00d7-800-px.png","width":1640,"height":800},{"@type":"BreadcrumbList","@id":"https:\/\/psychosynthese.fr\/index.php\/2023\/11\/19\/images-de-soi\/#breadcrumb","itemListElement":[{"@type":"ListItem","position":1,"name":"Accueil","item":"https:\/\/psychosynthese.fr\/"},{"@type":"ListItem","position":2,"name":"Qu&#8217;est ce que la Psychosynth\u00e8se ? Images de soi"}]},{"@type":"WebSite","@id":"https:\/\/psychosynthese.fr\/#website","url":"https:\/\/psychosynthese.fr\/","name":"Institut Fran\u00e7ais de Psychosynth\u00e8se","description":"Formation en psychosynth\u00e8se","publisher":{"@id":"https:\/\/psychosynthese.fr\/#organization"},"alternateName":"IFP","potentialAction":[{"@type":"SearchAction","target":{"@type":"EntryPoint","urlTemplate":"https:\/\/psychosynthese.fr\/?s={search_term_string}"},"query-input":{"@type":"PropertyValueSpecification","valueRequired":true,"valueName":"search_term_string"}}],"inLanguage":"fr-FR"},{"@type":"Organization","@id":"https:\/\/psychosynthese.fr\/#organization","name":"Institut Fran\u00e7ais de Psychosynth\u00e8se","url":"https:\/\/psychosynthese.fr\/","logo":{"@type":"ImageObject","inLanguage":"fr-FR","@id":"https:\/\/psychosynthese.fr\/#\/schema\/logo\/image\/","url":"https:\/\/psychosynthese.fr\/wp-content\/uploads\/2017\/03\/cropped-cropped-logo-ifp-155.jpg","contentUrl":"https:\/\/psychosynthese.fr\/wp-content\/uploads\/2017\/03\/cropped-cropped-logo-ifp-155.jpg","width":135,"height":135,"caption":"Institut Fran\u00e7ais de Psychosynth\u00e8se"},"image":{"@id":"https:\/\/psychosynthese.fr\/#\/schema\/logo\/image\/"},"sameAs":["https:\/\/www.facebook.com\/ifp.paris","https:\/\/www.youtube.com\/channel\/UCKmHyF5IEF9hQ_UI4mmbYgw"]},{"@type":"Person","@id":"https:\/\/psychosynthese.fr\/#\/schema\/person\/89a4d60b5f41f5ee2e7293d2fe248114","name":"ifp2","url":"https:\/\/psychosynthese.fr\/index.php\/author\/ifp\/"}]}},"_links":{"self":[{"href":"https:\/\/psychosynthese.fr\/index.php\/wp-json\/wp\/v2\/posts\/3239","targetHints":{"allow":["GET"]}}],"collection":[{"href":"https:\/\/psychosynthese.fr\/index.php\/wp-json\/wp\/v2\/posts"}],"about":[{"href":"https:\/\/psychosynthese.fr\/index.php\/wp-json\/wp\/v2\/types\/post"}],"author":[{"embeddable":true,"href":"https:\/\/psychosynthese.fr\/index.php\/wp-json\/wp\/v2\/users\/1"}],"replies":[{"embeddable":true,"href":"https:\/\/psychosynthese.fr\/index.php\/wp-json\/wp\/v2\/comments?post=3239"}],"version-history":[{"count":3,"href":"https:\/\/psychosynthese.fr\/index.php\/wp-json\/wp\/v2\/posts\/3239\/revisions"}],"predecessor-version":[{"id":3364,"href":"https:\/\/psychosynthese.fr\/index.php\/wp-json\/wp\/v2\/posts\/3239\/revisions\/3364"}],"wp:featuredmedia":[{"embeddable":true,"href":"https:\/\/psychosynthese.fr\/index.php\/wp-json\/wp\/v2\/media\/3241"}],"wp:attachment":[{"href":"https:\/\/psychosynthese.fr\/index.php\/wp-json\/wp\/v2\/media?parent=3239"}],"wp:term":[{"taxonomy":"category","embeddable":true,"href":"https:\/\/psychosynthese.fr\/index.php\/wp-json\/wp\/v2\/categories?post=3239"},{"taxonomy":"post_tag","embeddable":true,"href":"https:\/\/psychosynthese.fr\/index.php\/wp-json\/wp\/v2\/tags?post=3239"}],"curies":[{"name":"wp","href":"https:\/\/api.w.org\/{rel}","templated":true}]}}