{"id":3263,"date":"2023-12-03T20:27:54","date_gmt":"2023-12-03T19:27:54","guid":{"rendered":"https:\/\/psychosynthese.fr\/?p=3263"},"modified":"2023-12-03T23:54:34","modified_gmt":"2023-12-03T22:54:34","slug":"atelier-decouverte-de-la-psychosynthese-2","status":"publish","type":"post","link":"https:\/\/psychosynthese.fr\/index.php\/2023\/12\/03\/atelier-decouverte-de-la-psychosynthese-2\/","title":{"rendered":"Ateliers d\u00e9couverte gratuits par visio"},"content":{"rendered":"<div class=\"wp-block-image\">\n<figure class=\"aligncenter size-large is-resized\"><img loading=\"lazy\" decoding=\"async\" src=\"https:\/\/psychosynthese.fr\/wp-content\/uploads\/2023\/11\/actualites11-1024x500.png\" alt=\"\" class=\"wp-image-3289\" width=\"340\" height=\"165\" srcset=\"https:\/\/psychosynthese.fr\/wp-content\/uploads\/2023\/11\/actualites11-1024x500.png 1024w, https:\/\/psychosynthese.fr\/wp-content\/uploads\/2023\/11\/actualites11-300x146.png 300w, https:\/\/psychosynthese.fr\/wp-content\/uploads\/2023\/11\/actualites11-768x375.png 768w, https:\/\/psychosynthese.fr\/wp-content\/uploads\/2023\/11\/actualites11-1536x749.png 1536w, https:\/\/psychosynthese.fr\/wp-content\/uploads\/2023\/11\/actualites11.png 1640w\" sizes=\"auto, (max-width: 340px) 100vw, 340px\" \/><\/figure><\/div>\n\n\n<p><\/p>\n\n\n\n<div class=\"wp-block-columns is-layout-flex wp-container-core-columns-is-layout-9d6595d7 wp-block-columns-is-layout-flex\">\n<div class=\"wp-block-column is-layout-flow wp-block-column-is-layout-flow\">\n<div class=\"wp-block-buttons is-content-justification-center is-layout-flex wp-container-core-buttons-is-layout-16018d1d wp-block-buttons-is-layout-flex\">\n<div class=\"wp-block-button\"><a class=\"wp-block-button__link has-vivid-cyan-blue-background-color has-background wp-element-button\" href=\"https:\/\/www.helloasso.com\/associations\/institut-francais-de-psychosynthese\/evenements\/atelier-decouverte-de-la-psychosynthese-du-mardi-12-decembre-1\" target=\"_blank\" rel=\"noreferrer noopener\">Inscription Jeudi 14 d\u00e9cembre<\/a><\/div>\n<\/div>\n<\/div>\n\n\n\n<div class=\"wp-block-column is-vertically-aligned-center is-layout-flow wp-block-column-is-layout-flow\">\n<div class=\"wp-block-buttons is-content-justification-center is-layout-flex wp-container-core-buttons-is-layout-16018d1d wp-block-buttons-is-layout-flex\">\n<div class=\"wp-block-button\"><a class=\"wp-block-button__link has-vivid-cyan-blue-background-color has-background wp-element-button\" href=\"https:\/\/www.helloasso.com\/associations\/institut-francais-de-psychosynthese\/evenements\/atelier-decouverte-de-la-psychosynthese-du-samedi-6-janvier\" target=\"_blank\" rel=\"noreferrer noopener\">Inscription Samedi 6 janvier<\/a><\/div>\n<\/div>\n<\/div>\n<\/div>\n\n\n\n<p>Curieux de l\u2019approche de la psychosynth\u00e8se comme dynamique de d\u00e9veloppement personnel&nbsp;? <\/p>\n\n\n\n<p><strong>Psycho ok mais la synth\u00e8se c\u2019est quoi&nbsp;?<\/strong><\/p>\n\n\n\n<p><\/p>\n\n\n\n<p class=\"has-black-color has-pale-cyan-blue-background-color has-text-color has-background\"><strong>Jeudi 14 d\u00e9cembre 2023 de 19h \u00e0 20h30<\/strong> : Atelier d\u00e9couverte de la psychosynth\u00e8se anim\u00e9 par <strong>Audrey GALLAY<\/strong><\/p>\n\n\n\n<p>L&rsquo;atelier initialement pr\u00e9vu le mardi 12 d\u00e9cembre et anim\u00e9 par Vincent Claessens, est report\u00e9 pour raison personnelle au jeudi 14 d\u00e9cembre avec Audrey Gallay. <\/p>\n\n\n\n<p class=\"has-pale-cyan-blue-background-color has-background\"><strong>Samedi 6 janvier 2024 de 11h \u00e0 12h<\/strong> : Atelier d\u00e9couverte de la Psychosynth\u00e8se, anim\u00e9 par <strong>Audrey GALLAY<\/strong><\/p>\n\n\n\n<p>La pratique de la psychosynth\u00e8se est un processus de transformation de la personnalit\u00e9 qui s\u2019inscrit dans le courant de la psychologie int\u00e9grative. Comprendre la complexit\u00e9 de notre psych\u00e9 dans ses diff\u00e9rents aspects permet de mieux utiliser ses potentialit\u00e9s, et vise \u00e0 cr\u00e9er un processus d\u2019harmonisation donc de synth\u00e8se des personnalit\u00e9s parfois h\u00e9t\u00e9rog\u00e8nes qui existent en nous.&nbsp;<\/p>\n\n\n\n<p>Encore faut-il, pour identifier les diff\u00e9rents aspects de notre psych\u00e9, qui parfois engendrent notre complexit\u00e9 et nos contradictions, en avoir conscience\u2026&nbsp;<\/p>\n\n\n\n<p>Je vous propose d\u2019explorer de fa\u00e7on tr\u00e8s simple cette multiplicit\u00e9 \u00e0 travers ces trois items&nbsp;:<\/p>\n\n\n\n<p>Qui suis-je lorsque je suis au travail&nbsp;?<\/p>\n\n\n\n<p>Qui suis-je lorsque je suis avec mes amis&nbsp;?<\/p>\n\n\n\n<p>Qui suis-je lorsque je suis avec ma famille&nbsp;?<\/p>\n\n\n\n<p>Des questions pr\u00e9cises viendront vous aider \u00e0 identifier comment ces personnalit\u00e9s s\u2019expriment et de quelle fa\u00e7on elles se c\u00f4toient.<\/p>\n\n\n\n<p><\/p>\n\n\n\n<p>Les deux ateliers seront anim\u00e9s par Audrey GALLAY, praticienne enn psychosynth\u00e8se et psychoth\u00e9rapeute. <\/p>\n","protected":false},"excerpt":{"rendered":"<p>Deux ateliers, le 14 d\u00e9cembre et le 6 janvier, pour d\u00e9couvrir gratuitement en visio la psychosynth\u00e8se. Inscrivez-vous !<\/p>\n","protected":false},"author":1,"featured_media":3289,"comment_status":"closed","ping_status":"closed","sticky":false,"template":"","format":"standard","meta":{"_monsterinsights_skip_tracking":false,"_monsterinsights_sitenote_active":false,"_monsterinsights_sitenote_note":"","_monsterinsights_sitenote_category":0,"_uf_show_specific_survey":0,"_uf_disable_surveys":false,"footnotes":""},"categories":[12,116],"tags":[46,71,68,18,72],"class_list":{"0":"post-3263","1":"post","2":"type-post","3":"status-publish","4":"format-standard","5":"has-post-thumbnail","7":"category-activites","8":"category-atelier","9":"tag-atelier-psychosynthese","10":"tag-decouverte","11":"tag-developpement-personnel","12":"tag-psychosynthese","13":"tag-soin-de-soi","14":"czr-hentry"},"yoast_head":"<!-- This site is optimized with the Yoast SEO plugin v24.6 - https:\/\/yoast.com\/wordpress\/plugins\/seo\/ -->\n<title>Ateliers d\u00e9couverte gratuits par visio - Institut Fran\u00e7ais de Psychosynth\u00e8se<\/title>\n<meta name=\"description\" content=\"Deux ateliers, le 14 d\u00e9cembre et le 6 janvier, pour d\u00e9couvrir gratuitement en visio la psychosynth\u00e8se. Inscrivez-vous !\" \/>\n<meta name=\"robots\" content=\"index, follow, max-snippet:-1, max-image-preview:large, max-video-preview:-1\" \/>\n<link rel=\"canonical\" href=\"https:\/\/psychosynthese.fr\/index.php\/2023\/12\/03\/atelier-decouverte-de-la-psychosynthese-2\/\" \/>\n<meta property=\"og:locale\" content=\"fr_FR\" \/>\n<meta property=\"og:type\" content=\"article\" \/>\n<meta property=\"og:title\" content=\"Ateliers d\u00e9couverte gratuits par visio - Institut Fran\u00e7ais de Psychosynth\u00e8se\" \/>\n<meta property=\"og:description\" content=\"Deux ateliers, le 14 d\u00e9cembre et le 6 janvier, pour d\u00e9couvrir gratuitement en visio la psychosynth\u00e8se. Inscrivez-vous !\" \/>\n<meta property=\"og:url\" content=\"https:\/\/psychosynthese.fr\/index.php\/2023\/12\/03\/atelier-decouverte-de-la-psychosynthese-2\/\" \/>\n<meta property=\"og:site_name\" content=\"Institut Fran\u00e7ais de Psychosynth\u00e8se\" \/>\n<meta property=\"article:publisher\" content=\"https:\/\/www.facebook.com\/ifp.paris\" \/>\n<meta property=\"article:published_time\" content=\"2023-12-03T19:27:54+00:00\" \/>\n<meta property=\"article:modified_time\" content=\"2023-12-03T22:54:34+00:00\" \/>\n<meta property=\"og:image\" content=\"https:\/\/psychosynthese.fr\/wp-content\/uploads\/2023\/11\/actualites11.png\" \/>\n\t<meta property=\"og:image:width\" content=\"1640\" \/>\n\t<meta property=\"og:image:height\" content=\"800\" \/>\n\t<meta property=\"og:image:type\" content=\"image\/png\" \/>\n<meta name=\"author\" content=\"ifp2\" \/>\n<meta name=\"twitter:card\" content=\"summary_large_image\" \/>\n<meta name=\"twitter:label1\" content=\"\u00c9crit par\" \/>\n\t<meta name=\"twitter:data1\" content=\"ifp2\" \/>\n\t<meta name=\"twitter:label2\" content=\"Dur\u00e9e de lecture estim\u00e9e\" \/>\n\t<meta name=\"twitter:data2\" content=\"1 minute\" \/>\n<script type=\"application\/ld+json\" class=\"yoast-schema-graph\">{\"@context\":\"https:\/\/schema.org\",\"@graph\":[{\"@type\":\"Article\",\"@id\":\"https:\/\/psychosynthese.fr\/index.php\/2023\/12\/03\/atelier-decouverte-de-la-psychosynthese-2\/#article\",\"isPartOf\":{\"@id\":\"https:\/\/psychosynthese.fr\/index.php\/2023\/12\/03\/atelier-decouverte-de-la-psychosynthese-2\/\"},\"author\":{\"name\":\"ifp2\",\"@id\":\"https:\/\/psychosynthese.fr\/#\/schema\/person\/89a4d60b5f41f5ee2e7293d2fe248114\"},\"headline\":\"Ateliers d\u00e9couverte gratuits par visio\",\"datePublished\":\"2023-12-03T19:27:54+00:00\",\"dateModified\":\"2023-12-03T22:54:34+00:00\",\"mainEntityOfPage\":{\"@id\":\"https:\/\/psychosynthese.fr\/index.php\/2023\/12\/03\/atelier-decouverte-de-la-psychosynthese-2\/\"},\"wordCount\":270,\"publisher\":{\"@id\":\"https:\/\/psychosynthese.fr\/#organization\"},\"image\":{\"@id\":\"https:\/\/psychosynthese.fr\/index.php\/2023\/12\/03\/atelier-decouverte-de-la-psychosynthese-2\/#primaryimage\"},\"thumbnailUrl\":\"https:\/\/psychosynthese.fr\/wp-content\/uploads\/2023\/11\/actualites11.png\",\"keywords\":[\"atelier psychosynth\u00e8se\",\"d\u00e9couverte\",\"d\u00e9veloppement personnel\",\"psychosynth\u00e8se\",\"soin de soi\"],\"articleSection\":[\"Activit\u00e9s de l'IFP\",\"Atelier\"],\"inLanguage\":\"fr-FR\"},{\"@type\":\"WebPage\",\"@id\":\"https:\/\/psychosynthese.fr\/index.php\/2023\/12\/03\/atelier-decouverte-de-la-psychosynthese-2\/\",\"url\":\"https:\/\/psychosynthese.fr\/index.php\/2023\/12\/03\/atelier-decouverte-de-la-psychosynthese-2\/\",\"name\":\"Ateliers d\u00e9couverte gratuits par visio - Institut Fran\u00e7ais de Psychosynth\u00e8se\",\"isPartOf\":{\"@id\":\"https:\/\/psychosynthese.fr\/#website\"},\"primaryImageOfPage\":{\"@id\":\"https:\/\/psychosynthese.fr\/index.php\/2023\/12\/03\/atelier-decouverte-de-la-psychosynthese-2\/#primaryimage\"},\"image\":{\"@id\":\"https:\/\/psychosynthese.fr\/index.php\/2023\/12\/03\/atelier-decouverte-de-la-psychosynthese-2\/#primaryimage\"},\"thumbnailUrl\":\"https:\/\/psychosynthese.fr\/wp-content\/uploads\/2023\/11\/actualites11.png\",\"datePublished\":\"2023-12-03T19:27:54+00:00\",\"dateModified\":\"2023-12-03T22:54:34+00:00\",\"description\":\"Deux ateliers, le 14 d\u00e9cembre et le 6 janvier, pour d\u00e9couvrir gratuitement en visio la psychosynth\u00e8se. Inscrivez-vous !\",\"breadcrumb\":{\"@id\":\"https:\/\/psychosynthese.fr\/index.php\/2023\/12\/03\/atelier-decouverte-de-la-psychosynthese-2\/#breadcrumb\"},\"inLanguage\":\"fr-FR\",\"potentialAction\":[{\"@type\":\"ReadAction\",\"target\":[\"https:\/\/psychosynthese.fr\/index.php\/2023\/12\/03\/atelier-decouverte-de-la-psychosynthese-2\/\"]}]},{\"@type\":\"ImageObject\",\"inLanguage\":\"fr-FR\",\"@id\":\"https:\/\/psychosynthese.fr\/index.php\/2023\/12\/03\/atelier-decouverte-de-la-psychosynthese-2\/#primaryimage\",\"url\":\"https:\/\/psychosynthese.fr\/wp-content\/uploads\/2023\/11\/actualites11.png\",\"contentUrl\":\"https:\/\/psychosynthese.fr\/wp-content\/uploads\/2023\/11\/actualites11.png\",\"width\":1640,\"height\":800},{\"@type\":\"BreadcrumbList\",\"@id\":\"https:\/\/psychosynthese.fr\/index.php\/2023\/12\/03\/atelier-decouverte-de-la-psychosynthese-2\/#breadcrumb\",\"itemListElement\":[{\"@type\":\"ListItem\",\"position\":1,\"name\":\"Accueil\",\"item\":\"https:\/\/psychosynthese.fr\/\"},{\"@type\":\"ListItem\",\"position\":2,\"name\":\"Ateliers d\u00e9couverte gratuits par visio\"}]},{\"@type\":\"WebSite\",\"@id\":\"https:\/\/psychosynthese.fr\/#website\",\"url\":\"https:\/\/psychosynthese.fr\/\",\"name\":\"Institut Fran\u00e7ais de Psychosynth\u00e8se\",\"description\":\"Formation en psychosynth\u00e8se\",\"publisher\":{\"@id\":\"https:\/\/psychosynthese.fr\/#organization\"},\"alternateName\":\"IFP\",\"potentialAction\":[{\"@type\":\"SearchAction\",\"target\":{\"@type\":\"EntryPoint\",\"urlTemplate\":\"https:\/\/psychosynthese.fr\/?s={search_term_string}\"},\"query-input\":{\"@type\":\"PropertyValueSpecification\",\"valueRequired\":true,\"valueName\":\"search_term_string\"}}],\"inLanguage\":\"fr-FR\"},{\"@type\":\"Organization\",\"@id\":\"https:\/\/psychosynthese.fr\/#organization\",\"name\":\"Institut Fran\u00e7ais de Psychosynth\u00e8se\",\"url\":\"https:\/\/psychosynthese.fr\/\",\"logo\":{\"@type\":\"ImageObject\",\"inLanguage\":\"fr-FR\",\"@id\":\"https:\/\/psychosynthese.fr\/#\/schema\/logo\/image\/\",\"url\":\"https:\/\/psychosynthese.fr\/wp-content\/uploads\/2017\/03\/cropped-cropped-logo-ifp-155.jpg\",\"contentUrl\":\"https:\/\/psychosynthese.fr\/wp-content\/uploads\/2017\/03\/cropped-cropped-logo-ifp-155.jpg\",\"width\":135,\"height\":135,\"caption\":\"Institut Fran\u00e7ais de Psychosynth\u00e8se\"},\"image\":{\"@id\":\"https:\/\/psychosynthese.fr\/#\/schema\/logo\/image\/\"},\"sameAs\":[\"https:\/\/www.facebook.com\/ifp.paris\",\"https:\/\/www.youtube.com\/channel\/UCKmHyF5IEF9hQ_UI4mmbYgw\"]},{\"@type\":\"Person\",\"@id\":\"https:\/\/psychosynthese.fr\/#\/schema\/person\/89a4d60b5f41f5ee2e7293d2fe248114\",\"name\":\"ifp2\",\"url\":\"https:\/\/psychosynthese.fr\/index.php\/author\/ifp\/\"}]}<\/script>\n<!-- \/ Yoast SEO plugin. -->","yoast_head_json":{"title":"Ateliers d\u00e9couverte gratuits par visio - Institut Fran\u00e7ais de Psychosynth\u00e8se","description":"Deux ateliers, le 14 d\u00e9cembre et le 6 janvier, pour d\u00e9couvrir gratuitement en visio la psychosynth\u00e8se. Inscrivez-vous !","robots":{"index":"index","follow":"follow","max-snippet":"max-snippet:-1","max-image-preview":"max-image-preview:large","max-video-preview":"max-video-preview:-1"},"canonical":"https:\/\/psychosynthese.fr\/index.php\/2023\/12\/03\/atelier-decouverte-de-la-psychosynthese-2\/","og_locale":"fr_FR","og_type":"article","og_title":"Ateliers d\u00e9couverte gratuits par visio - Institut Fran\u00e7ais de Psychosynth\u00e8se","og_description":"Deux ateliers, le 14 d\u00e9cembre et le 6 janvier, pour d\u00e9couvrir gratuitement en visio la psychosynth\u00e8se. Inscrivez-vous !","og_url":"https:\/\/psychosynthese.fr\/index.php\/2023\/12\/03\/atelier-decouverte-de-la-psychosynthese-2\/","og_site_name":"Institut Fran\u00e7ais de Psychosynth\u00e8se","article_publisher":"https:\/\/www.facebook.com\/ifp.paris","article_published_time":"2023-12-03T19:27:54+00:00","article_modified_time":"2023-12-03T22:54:34+00:00","og_image":[{"width":1640,"height":800,"url":"https:\/\/psychosynthese.fr\/wp-content\/uploads\/2023\/11\/actualites11.png","type":"image\/png"}],"author":"ifp2","twitter_card":"summary_large_image","twitter_misc":{"\u00c9crit par":"ifp2","Dur\u00e9e de lecture estim\u00e9e":"1 minute"},"schema":{"@context":"https:\/\/schema.org","@graph":[{"@type":"Article","@id":"https:\/\/psychosynthese.fr\/index.php\/2023\/12\/03\/atelier-decouverte-de-la-psychosynthese-2\/#article","isPartOf":{"@id":"https:\/\/psychosynthese.fr\/index.php\/2023\/12\/03\/atelier-decouverte-de-la-psychosynthese-2\/"},"author":{"name":"ifp2","@id":"https:\/\/psychosynthese.fr\/#\/schema\/person\/89a4d60b5f41f5ee2e7293d2fe248114"},"headline":"Ateliers d\u00e9couverte gratuits par visio","datePublished":"2023-12-03T19:27:54+00:00","dateModified":"2023-12-03T22:54:34+00:00","mainEntityOfPage":{"@id":"https:\/\/psychosynthese.fr\/index.php\/2023\/12\/03\/atelier-decouverte-de-la-psychosynthese-2\/"},"wordCount":270,"publisher":{"@id":"https:\/\/psychosynthese.fr\/#organization"},"image":{"@id":"https:\/\/psychosynthese.fr\/index.php\/2023\/12\/03\/atelier-decouverte-de-la-psychosynthese-2\/#primaryimage"},"thumbnailUrl":"https:\/\/psychosynthese.fr\/wp-content\/uploads\/2023\/11\/actualites11.png","keywords":["atelier psychosynth\u00e8se","d\u00e9couverte","d\u00e9veloppement personnel","psychosynth\u00e8se","soin de soi"],"articleSection":["Activit\u00e9s de l'IFP","Atelier"],"inLanguage":"fr-FR"},{"@type":"WebPage","@id":"https:\/\/psychosynthese.fr\/index.php\/2023\/12\/03\/atelier-decouverte-de-la-psychosynthese-2\/","url":"https:\/\/psychosynthese.fr\/index.php\/2023\/12\/03\/atelier-decouverte-de-la-psychosynthese-2\/","name":"Ateliers d\u00e9couverte gratuits par visio - Institut Fran\u00e7ais de Psychosynth\u00e8se","isPartOf":{"@id":"https:\/\/psychosynthese.fr\/#website"},"primaryImageOfPage":{"@id":"https:\/\/psychosynthese.fr\/index.php\/2023\/12\/03\/atelier-decouverte-de-la-psychosynthese-2\/#primaryimage"},"image":{"@id":"https:\/\/psychosynthese.fr\/index.php\/2023\/12\/03\/atelier-decouverte-de-la-psychosynthese-2\/#primaryimage"},"thumbnailUrl":"https:\/\/psychosynthese.fr\/wp-content\/uploads\/2023\/11\/actualites11.png","datePublished":"2023-12-03T19:27:54+00:00","dateModified":"2023-12-03T22:54:34+00:00","description":"Deux ateliers, le 14 d\u00e9cembre et le 6 janvier, pour d\u00e9couvrir gratuitement en visio la psychosynth\u00e8se. Inscrivez-vous !","breadcrumb":{"@id":"https:\/\/psychosynthese.fr\/index.php\/2023\/12\/03\/atelier-decouverte-de-la-psychosynthese-2\/#breadcrumb"},"inLanguage":"fr-FR","potentialAction":[{"@type":"ReadAction","target":["https:\/\/psychosynthese.fr\/index.php\/2023\/12\/03\/atelier-decouverte-de-la-psychosynthese-2\/"]}]},{"@type":"ImageObject","inLanguage":"fr-FR","@id":"https:\/\/psychosynthese.fr\/index.php\/2023\/12\/03\/atelier-decouverte-de-la-psychosynthese-2\/#primaryimage","url":"https:\/\/psychosynthese.fr\/wp-content\/uploads\/2023\/11\/actualites11.png","contentUrl":"https:\/\/psychosynthese.fr\/wp-content\/uploads\/2023\/11\/actualites11.png","width":1640,"height":800},{"@type":"BreadcrumbList","@id":"https:\/\/psychosynthese.fr\/index.php\/2023\/12\/03\/atelier-decouverte-de-la-psychosynthese-2\/#breadcrumb","itemListElement":[{"@type":"ListItem","position":1,"name":"Accueil","item":"https:\/\/psychosynthese.fr\/"},{"@type":"ListItem","position":2,"name":"Ateliers d\u00e9couverte gratuits par visio"}]},{"@type":"WebSite","@id":"https:\/\/psychosynthese.fr\/#website","url":"https:\/\/psychosynthese.fr\/","name":"Institut Fran\u00e7ais de Psychosynth\u00e8se","description":"Formation en psychosynth\u00e8se","publisher":{"@id":"https:\/\/psychosynthese.fr\/#organization"},"alternateName":"IFP","potentialAction":[{"@type":"SearchAction","target":{"@type":"EntryPoint","urlTemplate":"https:\/\/psychosynthese.fr\/?s={search_term_string}"},"query-input":{"@type":"PropertyValueSpecification","valueRequired":true,"valueName":"search_term_string"}}],"inLanguage":"fr-FR"},{"@type":"Organization","@id":"https:\/\/psychosynthese.fr\/#organization","name":"Institut Fran\u00e7ais de Psychosynth\u00e8se","url":"https:\/\/psychosynthese.fr\/","logo":{"@type":"ImageObject","inLanguage":"fr-FR","@id":"https:\/\/psychosynthese.fr\/#\/schema\/logo\/image\/","url":"https:\/\/psychosynthese.fr\/wp-content\/uploads\/2017\/03\/cropped-cropped-logo-ifp-155.jpg","contentUrl":"https:\/\/psychosynthese.fr\/wp-content\/uploads\/2017\/03\/cropped-cropped-logo-ifp-155.jpg","width":135,"height":135,"caption":"Institut Fran\u00e7ais de Psychosynth\u00e8se"},"image":{"@id":"https:\/\/psychosynthese.fr\/#\/schema\/logo\/image\/"},"sameAs":["https:\/\/www.facebook.com\/ifp.paris","https:\/\/www.youtube.com\/channel\/UCKmHyF5IEF9hQ_UI4mmbYgw"]},{"@type":"Person","@id":"https:\/\/psychosynthese.fr\/#\/schema\/person\/89a4d60b5f41f5ee2e7293d2fe248114","name":"ifp2","url":"https:\/\/psychosynthese.fr\/index.php\/author\/ifp\/"}]}},"_links":{"self":[{"href":"https:\/\/psychosynthese.fr\/index.php\/wp-json\/wp\/v2\/posts\/3263","targetHints":{"allow":["GET"]}}],"collection":[{"href":"https:\/\/psychosynthese.fr\/index.php\/wp-json\/wp\/v2\/posts"}],"about":[{"href":"https:\/\/psychosynthese.fr\/index.php\/wp-json\/wp\/v2\/types\/post"}],"author":[{"embeddable":true,"href":"https:\/\/psychosynthese.fr\/index.php\/wp-json\/wp\/v2\/users\/1"}],"replies":[{"embeddable":true,"href":"https:\/\/psychosynthese.fr\/index.php\/wp-json\/wp\/v2\/comments?post=3263"}],"version-history":[{"count":8,"href":"https:\/\/psychosynthese.fr\/index.php\/wp-json\/wp\/v2\/posts\/3263\/revisions"}],"predecessor-version":[{"id":3290,"href":"https:\/\/psychosynthese.fr\/index.php\/wp-json\/wp\/v2\/posts\/3263\/revisions\/3290"}],"wp:featuredmedia":[{"embeddable":true,"href":"https:\/\/psychosynthese.fr\/index.php\/wp-json\/wp\/v2\/media\/3289"}],"wp:attachment":[{"href":"https:\/\/psychosynthese.fr\/index.php\/wp-json\/wp\/v2\/media?parent=3263"}],"wp:term":[{"taxonomy":"category","embeddable":true,"href":"https:\/\/psychosynthese.fr\/index.php\/wp-json\/wp\/v2\/categories?post=3263"},{"taxonomy":"post_tag","embeddable":true,"href":"https:\/\/psychosynthese.fr\/index.php\/wp-json\/wp\/v2\/tags?post=3263"}],"curies":[{"name":"wp","href":"https:\/\/api.w.org\/{rel}","templated":true}]}}