{"id":4547,"date":"2025-10-29T11:10:18","date_gmt":"2025-10-29T10:10:18","guid":{"rendered":"https:\/\/psychosynthese.fr\/?p=4547"},"modified":"2025-10-29T17:52:13","modified_gmt":"2025-10-29T16:52:13","slug":"atelier-musique-et-volonte-plaisir-et-stimulation","status":"publish","type":"post","link":"https:\/\/psychosynthese.fr\/index.php\/2025\/10\/29\/atelier-musique-et-volonte-plaisir-et-stimulation\/","title":{"rendered":"Samedi 8 novembre 2025 : Atelier Musique et volont\u00e9,  plaisir et stimulation"},"content":{"rendered":"<div class=\"wp-block-image\">\n<figure class=\"aligncenter size-large is-resized\"><img loading=\"lazy\" decoding=\"async\" width=\"1024\" height=\"1024\" src=\"https:\/\/psychosynthese.fr\/wp-content\/uploads\/2025\/10\/google-carre-1024x1024.png\" alt=\"\" class=\"wp-image-4600\" style=\"width:478px;height:auto\" srcset=\"https:\/\/psychosynthese.fr\/wp-content\/uploads\/2025\/10\/google-carre-1024x1024.png 1024w, https:\/\/psychosynthese.fr\/wp-content\/uploads\/2025\/10\/google-carre-300x300.png 300w, https:\/\/psychosynthese.fr\/wp-content\/uploads\/2025\/10\/google-carre-150x150.png 150w, https:\/\/psychosynthese.fr\/wp-content\/uploads\/2025\/10\/google-carre-768x768.png 768w, https:\/\/psychosynthese.fr\/wp-content\/uploads\/2025\/10\/google-carre-510x510.png 510w, https:\/\/psychosynthese.fr\/wp-content\/uploads\/2025\/10\/google-carre.png 1200w\" sizes=\"auto, (max-width: 1024px) 100vw, 1024px\" \/><\/figure><\/div>\n\n\n<p>\ud83c\udfac \ud83c\udfb5 La <strong>musique <\/strong>(moderne, jazz, classique, de film\u2026) pour activer, <strong>stimuler sa propre volont\u00e9&nbsp;<\/strong>!<\/p>\n\n\n\n<p>\u263a\ufe0f Il est rare de passer une journ\u00e9e sans entendre de la musique, que ce soit \u00e0 la t\u00e9l\u00e9vision, \u00e0 la radio, sur les r\u00e9seaux sociaux, ou chez soi confortablement assis, les yeux ferm\u00e9s \u00e0 \u00e9couter la musique que l\u2019on choisit et aime.<\/p>\n\n\n\n<p>\ud83c\udfb6 Cet atelier vous propose un <strong>voyage <\/strong>dans <strong>des univers musicaux de tous styles<\/strong>. A leur \u00e9coute, que ressentez-vous dans votre corps&nbsp;? Quels \u00e9motions, sentiments, images, souvenirs apparaissent&nbsp;? De l&rsquo;indiff\u00e9rence ou de la joie? De l&rsquo;\u00e9lan, de l&rsquo;entrain ou autre chose ? Quelle est donc cette \u00e9nergie ? Est-il possible de puiser dans cette musique pour alimenter, renforcer votre volont\u00e9&nbsp;?<\/p>\n\n\n\n<p>Pour Assagioli, fondateur de la psychosynth\u00e8se, la volont\u00e9 coordonne les six fonctions psychiques&nbsp;que sont sensation, d\u00e9sir, \u00e9motion\/sentiment, intuition, pens\u00e9e et imagination.<\/p>\n\n\n\n<p>\ud83c\udfb7 Musique et volont\u00e9 \ud83c\udfac Venez d\u00e9couvrir leur relation. Avec cet atelier, prenez conscience de ce qu\u2019une musique vous \u00e9voque en lien avec votre volont\u00e9.<\/p>\n\n\n\n<p><strong>Public concern\u00e9<\/strong>&nbsp;: Toute personne peut participer \u00e0 cette exp\u00e9rience, qu\u2019elle ait ou non des comp\u00e9tences dans le domaine musical. Aucune connaissance musicale (c\u2019est-\u00e0-dire de connaissance musicologique) ni en psychosynth\u00e8se ne vous sera demand\u00e9e.<\/p>\n\n\n\n<p><strong>Animateur&nbsp;<\/strong>: Michel POULAIN, intervenant musical (ateliers) depuis 27 ans et, parall\u00e8lement depuis trois ans, conf\u00e9rencier. Etudiant en derni\u00e8re ann\u00e9e de la formation en psychosynth\u00e8se.<\/p>\n\n\n\n<p><strong>Mat\u00e9riel<\/strong>&nbsp;: aucun.<\/p>\n\n\n\n<p><strong>Mode<\/strong>&nbsp;: Samedi 8 novembre apr\u00e8s-midi de 14h \u00e0 17h en pr\u00e9sentiel \u00e0 l\u2019Institut Fran\u00e7ais de Psychosynth\u00e8se.<\/p>\n\n\n\n<p><strong>Co\u00fbt<\/strong>&nbsp;: 40 \u20ac (tarif r\u00e9duit&nbsp;: 36 euros pour les adh\u00e9rents \u00e0 l\u2019IFP, ou les \u00e9tudiants et demandeurs d\u2019emploi sur justificatif)&nbsp;; r\u00e8glement en 1 fois&nbsp;<\/p>\n\n\n\n<p><strong>Inscription&nbsp;<\/strong><\/p>\n\n\n\n<p><a href=\"https:\/\/www.helloasso.com\/associations\/institut-francais-de-psychosynthese\/adhesions\/atelier-8-11-2025-musique-et-volonte\">https:\/\/www.helloasso.com\/associations\/institut-francais-de-psychosynthese\/adhesions\/atelier-8-11-2025-musique-et-volonte<\/a><\/p>\n","protected":false},"excerpt":{"rendered":"<p>La musique (moderne, jazz, classique, de film\u2026) pour activer, stimuler sa propre volont\u00e9\u00a0!<\/p>\n","protected":false},"author":1,"featured_media":4603,"comment_status":"closed","ping_status":"closed","sticky":false,"template":"","format":"standard","meta":{"_monsterinsights_skip_tracking":false,"_monsterinsights_sitenote_active":false,"_monsterinsights_sitenote_note":"","_monsterinsights_sitenote_category":0,"_uf_show_specific_survey":0,"_uf_disable_surveys":false,"footnotes":""},"categories":[116],"tags":[46,84,85],"class_list":{"0":"post-4547","1":"post","2":"type-post","3":"status-publish","4":"format-standard","5":"has-post-thumbnail","7":"category-atelier","8":"tag-atelier-psychosynthese","9":"tag-musique","10":"tag-volonte","11":"czr-hentry"},"yoast_head":"<!-- This site is optimized with the Yoast SEO plugin v24.6 - https:\/\/yoast.com\/wordpress\/plugins\/seo\/ -->\n<title>Samedi 8 novembre 2025 : Atelier Musique et volont\u00e9, plaisir et stimulation - Institut Fran\u00e7ais de Psychosynth\u00e8se<\/title>\n<meta name=\"description\" content=\"La musique (moderne, jazz, classique, de film\u2026) pour activer, stimuler sa propre volont\u00e9\u00a0! Cet atelier vous propose un voyage dans des univers musicaux de tous styles et de d\u00e9couvrir le pouvoir de la musique sur vos actions.\" \/>\n<meta name=\"robots\" content=\"index, follow, max-snippet:-1, max-image-preview:large, max-video-preview:-1\" \/>\n<link rel=\"canonical\" href=\"https:\/\/psychosynthese.fr\/index.php\/2025\/10\/29\/atelier-musique-et-volonte-plaisir-et-stimulation\/\" \/>\n<meta property=\"og:locale\" content=\"fr_FR\" \/>\n<meta property=\"og:type\" content=\"article\" \/>\n<meta property=\"og:title\" content=\"Samedi 8 novembre 2025 : Atelier Musique et volont\u00e9, plaisir et stimulation - Institut Fran\u00e7ais de Psychosynth\u00e8se\" \/>\n<meta property=\"og:description\" content=\"La musique (moderne, jazz, classique, de film\u2026) pour activer, stimuler sa propre volont\u00e9\u00a0! Cet atelier vous propose un voyage dans des univers musicaux de tous styles et de d\u00e9couvrir le pouvoir de la musique sur vos actions.\" \/>\n<meta property=\"og:url\" content=\"https:\/\/psychosynthese.fr\/index.php\/2025\/10\/29\/atelier-musique-et-volonte-plaisir-et-stimulation\/\" \/>\n<meta property=\"og:site_name\" content=\"Institut Fran\u00e7ais de Psychosynth\u00e8se\" \/>\n<meta property=\"article:publisher\" content=\"https:\/\/www.facebook.com\/ifp.paris\" \/>\n<meta property=\"article:published_time\" content=\"2025-10-29T10:10:18+00:00\" \/>\n<meta property=\"article:modified_time\" content=\"2025-10-29T16:52:13+00:00\" \/>\n<meta property=\"og:image\" content=\"https:\/\/psychosynthese.fr\/wp-content\/uploads\/2025\/10\/LIinkedIn-169-1.jpg\" \/>\n\t<meta property=\"og:image:width\" content=\"1920\" \/>\n\t<meta property=\"og:image:height\" content=\"1080\" \/>\n\t<meta property=\"og:image:type\" content=\"image\/jpeg\" \/>\n<meta name=\"author\" content=\"ifp2\" \/>\n<meta name=\"twitter:card\" content=\"summary_large_image\" \/>\n<meta name=\"twitter:label1\" content=\"\u00c9crit par\" \/>\n\t<meta name=\"twitter:data1\" content=\"ifp2\" \/>\n\t<meta name=\"twitter:label2\" content=\"Dur\u00e9e de lecture estim\u00e9e\" \/>\n\t<meta name=\"twitter:data2\" content=\"2 minutes\" \/>\n<script type=\"application\/ld+json\" class=\"yoast-schema-graph\">{\"@context\":\"https:\/\/schema.org\",\"@graph\":[{\"@type\":\"Article\",\"@id\":\"https:\/\/psychosynthese.fr\/index.php\/2025\/10\/29\/atelier-musique-et-volonte-plaisir-et-stimulation\/#article\",\"isPartOf\":{\"@id\":\"https:\/\/psychosynthese.fr\/index.php\/2025\/10\/29\/atelier-musique-et-volonte-plaisir-et-stimulation\/\"},\"author\":{\"name\":\"ifp2\",\"@id\":\"https:\/\/psychosynthese.fr\/#\/schema\/person\/89a4d60b5f41f5ee2e7293d2fe248114\"},\"headline\":\"Samedi 8 novembre 2025 : Atelier Musique et volont\u00e9, plaisir et stimulation\",\"datePublished\":\"2025-10-29T10:10:18+00:00\",\"dateModified\":\"2025-10-29T16:52:13+00:00\",\"mainEntityOfPage\":{\"@id\":\"https:\/\/psychosynthese.fr\/index.php\/2025\/10\/29\/atelier-musique-et-volonte-plaisir-et-stimulation\/\"},\"wordCount\":316,\"publisher\":{\"@id\":\"https:\/\/psychosynthese.fr\/#organization\"},\"image\":{\"@id\":\"https:\/\/psychosynthese.fr\/index.php\/2025\/10\/29\/atelier-musique-et-volonte-plaisir-et-stimulation\/#primaryimage\"},\"thumbnailUrl\":\"https:\/\/psychosynthese.fr\/wp-content\/uploads\/2025\/10\/LIinkedIn-169-1.jpg\",\"keywords\":[\"atelier psychosynth\u00e8se\",\"musique\",\"volont\u00e9\"],\"articleSection\":[\"Atelier\"],\"inLanguage\":\"fr-FR\"},{\"@type\":\"WebPage\",\"@id\":\"https:\/\/psychosynthese.fr\/index.php\/2025\/10\/29\/atelier-musique-et-volonte-plaisir-et-stimulation\/\",\"url\":\"https:\/\/psychosynthese.fr\/index.php\/2025\/10\/29\/atelier-musique-et-volonte-plaisir-et-stimulation\/\",\"name\":\"Samedi 8 novembre 2025 : Atelier Musique et volont\u00e9, plaisir et stimulation - Institut Fran\u00e7ais de Psychosynth\u00e8se\",\"isPartOf\":{\"@id\":\"https:\/\/psychosynthese.fr\/#website\"},\"primaryImageOfPage\":{\"@id\":\"https:\/\/psychosynthese.fr\/index.php\/2025\/10\/29\/atelier-musique-et-volonte-plaisir-et-stimulation\/#primaryimage\"},\"image\":{\"@id\":\"https:\/\/psychosynthese.fr\/index.php\/2025\/10\/29\/atelier-musique-et-volonte-plaisir-et-stimulation\/#primaryimage\"},\"thumbnailUrl\":\"https:\/\/psychosynthese.fr\/wp-content\/uploads\/2025\/10\/LIinkedIn-169-1.jpg\",\"datePublished\":\"2025-10-29T10:10:18+00:00\",\"dateModified\":\"2025-10-29T16:52:13+00:00\",\"description\":\"La musique (moderne, jazz, classique, de film\u2026) pour activer, stimuler sa propre volont\u00e9\u00a0! Cet atelier vous propose un voyage dans des univers musicaux de tous styles et de d\u00e9couvrir le pouvoir de la musique sur vos actions.\",\"breadcrumb\":{\"@id\":\"https:\/\/psychosynthese.fr\/index.php\/2025\/10\/29\/atelier-musique-et-volonte-plaisir-et-stimulation\/#breadcrumb\"},\"inLanguage\":\"fr-FR\",\"potentialAction\":[{\"@type\":\"ReadAction\",\"target\":[\"https:\/\/psychosynthese.fr\/index.php\/2025\/10\/29\/atelier-musique-et-volonte-plaisir-et-stimulation\/\"]}]},{\"@type\":\"ImageObject\",\"inLanguage\":\"fr-FR\",\"@id\":\"https:\/\/psychosynthese.fr\/index.php\/2025\/10\/29\/atelier-musique-et-volonte-plaisir-et-stimulation\/#primaryimage\",\"url\":\"https:\/\/psychosynthese.fr\/wp-content\/uploads\/2025\/10\/LIinkedIn-169-1.jpg\",\"contentUrl\":\"https:\/\/psychosynthese.fr\/wp-content\/uploads\/2025\/10\/LIinkedIn-169-1.jpg\",\"width\":1920,\"height\":1080},{\"@type\":\"BreadcrumbList\",\"@id\":\"https:\/\/psychosynthese.fr\/index.php\/2025\/10\/29\/atelier-musique-et-volonte-plaisir-et-stimulation\/#breadcrumb\",\"itemListElement\":[{\"@type\":\"ListItem\",\"position\":1,\"name\":\"Accueil\",\"item\":\"https:\/\/psychosynthese.fr\/\"},{\"@type\":\"ListItem\",\"position\":2,\"name\":\"Samedi 8 novembre 2025 : Atelier Musique et volont\u00e9, plaisir et stimulation\"}]},{\"@type\":\"WebSite\",\"@id\":\"https:\/\/psychosynthese.fr\/#website\",\"url\":\"https:\/\/psychosynthese.fr\/\",\"name\":\"Institut Fran\u00e7ais de Psychosynth\u00e8se\",\"description\":\"Formation en psychosynth\u00e8se\",\"publisher\":{\"@id\":\"https:\/\/psychosynthese.fr\/#organization\"},\"alternateName\":\"IFP\",\"potentialAction\":[{\"@type\":\"SearchAction\",\"target\":{\"@type\":\"EntryPoint\",\"urlTemplate\":\"https:\/\/psychosynthese.fr\/?s={search_term_string}\"},\"query-input\":{\"@type\":\"PropertyValueSpecification\",\"valueRequired\":true,\"valueName\":\"search_term_string\"}}],\"inLanguage\":\"fr-FR\"},{\"@type\":\"Organization\",\"@id\":\"https:\/\/psychosynthese.fr\/#organization\",\"name\":\"Institut Fran\u00e7ais de Psychosynth\u00e8se\",\"url\":\"https:\/\/psychosynthese.fr\/\",\"logo\":{\"@type\":\"ImageObject\",\"inLanguage\":\"fr-FR\",\"@id\":\"https:\/\/psychosynthese.fr\/#\/schema\/logo\/image\/\",\"url\":\"https:\/\/psychosynthese.fr\/wp-content\/uploads\/2017\/03\/cropped-cropped-logo-ifp-155.jpg\",\"contentUrl\":\"https:\/\/psychosynthese.fr\/wp-content\/uploads\/2017\/03\/cropped-cropped-logo-ifp-155.jpg\",\"width\":135,\"height\":135,\"caption\":\"Institut Fran\u00e7ais de Psychosynth\u00e8se\"},\"image\":{\"@id\":\"https:\/\/psychosynthese.fr\/#\/schema\/logo\/image\/\"},\"sameAs\":[\"https:\/\/www.facebook.com\/ifp.paris\",\"https:\/\/www.youtube.com\/channel\/UCKmHyF5IEF9hQ_UI4mmbYgw\"]},{\"@type\":\"Person\",\"@id\":\"https:\/\/psychosynthese.fr\/#\/schema\/person\/89a4d60b5f41f5ee2e7293d2fe248114\",\"name\":\"ifp2\",\"url\":\"https:\/\/psychosynthese.fr\/index.php\/author\/ifp\/\"}]}<\/script>\n<!-- \/ Yoast SEO plugin. -->","yoast_head_json":{"title":"Samedi 8 novembre 2025 : Atelier Musique et volont\u00e9, plaisir et stimulation - Institut Fran\u00e7ais de Psychosynth\u00e8se","description":"La musique (moderne, jazz, classique, de film\u2026) pour activer, stimuler sa propre volont\u00e9\u00a0! Cet atelier vous propose un voyage dans des univers musicaux de tous styles et de d\u00e9couvrir le pouvoir de la musique sur vos actions.","robots":{"index":"index","follow":"follow","max-snippet":"max-snippet:-1","max-image-preview":"max-image-preview:large","max-video-preview":"max-video-preview:-1"},"canonical":"https:\/\/psychosynthese.fr\/index.php\/2025\/10\/29\/atelier-musique-et-volonte-plaisir-et-stimulation\/","og_locale":"fr_FR","og_type":"article","og_title":"Samedi 8 novembre 2025 : Atelier Musique et volont\u00e9, plaisir et stimulation - Institut Fran\u00e7ais de Psychosynth\u00e8se","og_description":"La musique (moderne, jazz, classique, de film\u2026) pour activer, stimuler sa propre volont\u00e9\u00a0! Cet atelier vous propose un voyage dans des univers musicaux de tous styles et de d\u00e9couvrir le pouvoir de la musique sur vos actions.","og_url":"https:\/\/psychosynthese.fr\/index.php\/2025\/10\/29\/atelier-musique-et-volonte-plaisir-et-stimulation\/","og_site_name":"Institut Fran\u00e7ais de Psychosynth\u00e8se","article_publisher":"https:\/\/www.facebook.com\/ifp.paris","article_published_time":"2025-10-29T10:10:18+00:00","article_modified_time":"2025-10-29T16:52:13+00:00","og_image":[{"width":1920,"height":1080,"url":"https:\/\/psychosynthese.fr\/wp-content\/uploads\/2025\/10\/LIinkedIn-169-1.jpg","type":"image\/jpeg"}],"author":"ifp2","twitter_card":"summary_large_image","twitter_misc":{"\u00c9crit par":"ifp2","Dur\u00e9e de lecture estim\u00e9e":"2 minutes"},"schema":{"@context":"https:\/\/schema.org","@graph":[{"@type":"Article","@id":"https:\/\/psychosynthese.fr\/index.php\/2025\/10\/29\/atelier-musique-et-volonte-plaisir-et-stimulation\/#article","isPartOf":{"@id":"https:\/\/psychosynthese.fr\/index.php\/2025\/10\/29\/atelier-musique-et-volonte-plaisir-et-stimulation\/"},"author":{"name":"ifp2","@id":"https:\/\/psychosynthese.fr\/#\/schema\/person\/89a4d60b5f41f5ee2e7293d2fe248114"},"headline":"Samedi 8 novembre 2025 : Atelier Musique et volont\u00e9, plaisir et stimulation","datePublished":"2025-10-29T10:10:18+00:00","dateModified":"2025-10-29T16:52:13+00:00","mainEntityOfPage":{"@id":"https:\/\/psychosynthese.fr\/index.php\/2025\/10\/29\/atelier-musique-et-volonte-plaisir-et-stimulation\/"},"wordCount":316,"publisher":{"@id":"https:\/\/psychosynthese.fr\/#organization"},"image":{"@id":"https:\/\/psychosynthese.fr\/index.php\/2025\/10\/29\/atelier-musique-et-volonte-plaisir-et-stimulation\/#primaryimage"},"thumbnailUrl":"https:\/\/psychosynthese.fr\/wp-content\/uploads\/2025\/10\/LIinkedIn-169-1.jpg","keywords":["atelier psychosynth\u00e8se","musique","volont\u00e9"],"articleSection":["Atelier"],"inLanguage":"fr-FR"},{"@type":"WebPage","@id":"https:\/\/psychosynthese.fr\/index.php\/2025\/10\/29\/atelier-musique-et-volonte-plaisir-et-stimulation\/","url":"https:\/\/psychosynthese.fr\/index.php\/2025\/10\/29\/atelier-musique-et-volonte-plaisir-et-stimulation\/","name":"Samedi 8 novembre 2025 : Atelier Musique et volont\u00e9, plaisir et stimulation - Institut Fran\u00e7ais de Psychosynth\u00e8se","isPartOf":{"@id":"https:\/\/psychosynthese.fr\/#website"},"primaryImageOfPage":{"@id":"https:\/\/psychosynthese.fr\/index.php\/2025\/10\/29\/atelier-musique-et-volonte-plaisir-et-stimulation\/#primaryimage"},"image":{"@id":"https:\/\/psychosynthese.fr\/index.php\/2025\/10\/29\/atelier-musique-et-volonte-plaisir-et-stimulation\/#primaryimage"},"thumbnailUrl":"https:\/\/psychosynthese.fr\/wp-content\/uploads\/2025\/10\/LIinkedIn-169-1.jpg","datePublished":"2025-10-29T10:10:18+00:00","dateModified":"2025-10-29T16:52:13+00:00","description":"La musique (moderne, jazz, classique, de film\u2026) pour activer, stimuler sa propre volont\u00e9\u00a0! Cet atelier vous propose un voyage dans des univers musicaux de tous styles et de d\u00e9couvrir le pouvoir de la musique sur vos actions.","breadcrumb":{"@id":"https:\/\/psychosynthese.fr\/index.php\/2025\/10\/29\/atelier-musique-et-volonte-plaisir-et-stimulation\/#breadcrumb"},"inLanguage":"fr-FR","potentialAction":[{"@type":"ReadAction","target":["https:\/\/psychosynthese.fr\/index.php\/2025\/10\/29\/atelier-musique-et-volonte-plaisir-et-stimulation\/"]}]},{"@type":"ImageObject","inLanguage":"fr-FR","@id":"https:\/\/psychosynthese.fr\/index.php\/2025\/10\/29\/atelier-musique-et-volonte-plaisir-et-stimulation\/#primaryimage","url":"https:\/\/psychosynthese.fr\/wp-content\/uploads\/2025\/10\/LIinkedIn-169-1.jpg","contentUrl":"https:\/\/psychosynthese.fr\/wp-content\/uploads\/2025\/10\/LIinkedIn-169-1.jpg","width":1920,"height":1080},{"@type":"BreadcrumbList","@id":"https:\/\/psychosynthese.fr\/index.php\/2025\/10\/29\/atelier-musique-et-volonte-plaisir-et-stimulation\/#breadcrumb","itemListElement":[{"@type":"ListItem","position":1,"name":"Accueil","item":"https:\/\/psychosynthese.fr\/"},{"@type":"ListItem","position":2,"name":"Samedi 8 novembre 2025 : Atelier Musique et volont\u00e9, plaisir et stimulation"}]},{"@type":"WebSite","@id":"https:\/\/psychosynthese.fr\/#website","url":"https:\/\/psychosynthese.fr\/","name":"Institut Fran\u00e7ais de Psychosynth\u00e8se","description":"Formation en psychosynth\u00e8se","publisher":{"@id":"https:\/\/psychosynthese.fr\/#organization"},"alternateName":"IFP","potentialAction":[{"@type":"SearchAction","target":{"@type":"EntryPoint","urlTemplate":"https:\/\/psychosynthese.fr\/?s={search_term_string}"},"query-input":{"@type":"PropertyValueSpecification","valueRequired":true,"valueName":"search_term_string"}}],"inLanguage":"fr-FR"},{"@type":"Organization","@id":"https:\/\/psychosynthese.fr\/#organization","name":"Institut Fran\u00e7ais de Psychosynth\u00e8se","url":"https:\/\/psychosynthese.fr\/","logo":{"@type":"ImageObject","inLanguage":"fr-FR","@id":"https:\/\/psychosynthese.fr\/#\/schema\/logo\/image\/","url":"https:\/\/psychosynthese.fr\/wp-content\/uploads\/2017\/03\/cropped-cropped-logo-ifp-155.jpg","contentUrl":"https:\/\/psychosynthese.fr\/wp-content\/uploads\/2017\/03\/cropped-cropped-logo-ifp-155.jpg","width":135,"height":135,"caption":"Institut Fran\u00e7ais de Psychosynth\u00e8se"},"image":{"@id":"https:\/\/psychosynthese.fr\/#\/schema\/logo\/image\/"},"sameAs":["https:\/\/www.facebook.com\/ifp.paris","https:\/\/www.youtube.com\/channel\/UCKmHyF5IEF9hQ_UI4mmbYgw"]},{"@type":"Person","@id":"https:\/\/psychosynthese.fr\/#\/schema\/person\/89a4d60b5f41f5ee2e7293d2fe248114","name":"ifp2","url":"https:\/\/psychosynthese.fr\/index.php\/author\/ifp\/"}]}},"_links":{"self":[{"href":"https:\/\/psychosynthese.fr\/index.php\/wp-json\/wp\/v2\/posts\/4547","targetHints":{"allow":["GET"]}}],"collection":[{"href":"https:\/\/psychosynthese.fr\/index.php\/wp-json\/wp\/v2\/posts"}],"about":[{"href":"https:\/\/psychosynthese.fr\/index.php\/wp-json\/wp\/v2\/types\/post"}],"author":[{"embeddable":true,"href":"https:\/\/psychosynthese.fr\/index.php\/wp-json\/wp\/v2\/users\/1"}],"replies":[{"embeddable":true,"href":"https:\/\/psychosynthese.fr\/index.php\/wp-json\/wp\/v2\/comments?post=4547"}],"version-history":[{"count":4,"href":"https:\/\/psychosynthese.fr\/index.php\/wp-json\/wp\/v2\/posts\/4547\/revisions"}],"predecessor-version":[{"id":4602,"href":"https:\/\/psychosynthese.fr\/index.php\/wp-json\/wp\/v2\/posts\/4547\/revisions\/4602"}],"wp:featuredmedia":[{"embeddable":true,"href":"https:\/\/psychosynthese.fr\/index.php\/wp-json\/wp\/v2\/media\/4603"}],"wp:attachment":[{"href":"https:\/\/psychosynthese.fr\/index.php\/wp-json\/wp\/v2\/media?parent=4547"}],"wp:term":[{"taxonomy":"category","embeddable":true,"href":"https:\/\/psychosynthese.fr\/index.php\/wp-json\/wp\/v2\/categories?post=4547"},{"taxonomy":"post_tag","embeddable":true,"href":"https:\/\/psychosynthese.fr\/index.php\/wp-json\/wp\/v2\/tags?post=4547"}],"curies":[{"name":"wp","href":"https:\/\/api.w.org\/{rel}","templated":true}]}}