{"id":4736,"date":"2026-03-17T13:24:26","date_gmt":"2026-03-17T12:24:26","guid":{"rendered":"https:\/\/psychosynthese.fr\/?p=4736"},"modified":"2026-03-17T15:29:20","modified_gmt":"2026-03-17T14:29:20","slug":"session-residentielle-psychosynthese-mai-2026","status":"publish","type":"post","link":"https:\/\/psychosynthese.fr\/index.php\/2026\/03\/17\/session-residentielle-psychosynthese-mai-2026\/","title":{"rendered":"Session r\u00e9sidentielle 2026 : Les quatre saisons de la Psychosynth\u00e8se"},"content":{"rendered":"\n<div class=\"wp-block-columns is-layout-flex wp-container-core-columns-is-layout-9d6595d7 wp-block-columns-is-layout-flex\">\n<div class=\"wp-block-column is-layout-flow wp-block-column-is-layout-flow\" style=\"flex-basis:66.66%\">\n<figure class=\"wp-block-image size-large\"><img loading=\"lazy\" decoding=\"async\" width=\"1024\" height=\"576\" src=\"https:\/\/psychosynthese.fr\/wp-content\/uploads\/2026\/03\/article-session-resid-26-05-1024x576.png\" alt=\"session r\u00e9sidentielle 2026\" class=\"wp-image-4740\" srcset=\"https:\/\/psychosynthese.fr\/wp-content\/uploads\/2026\/03\/article-session-resid-26-05-1024x576.png 1024w, https:\/\/psychosynthese.fr\/wp-content\/uploads\/2026\/03\/article-session-resid-26-05-300x169.png 300w, https:\/\/psychosynthese.fr\/wp-content\/uploads\/2026\/03\/article-session-resid-26-05-768x432.png 768w, https:\/\/psychosynthese.fr\/wp-content\/uploads\/2026\/03\/article-session-resid-26-05-1536x864.png 1536w, https:\/\/psychosynthese.fr\/wp-content\/uploads\/2026\/03\/article-session-resid-26-05-1110x624.png 1110w, https:\/\/psychosynthese.fr\/wp-content\/uploads\/2026\/03\/article-session-resid-26-05-528x297.png 528w, https:\/\/psychosynthese.fr\/wp-content\/uploads\/2026\/03\/article-session-resid-26-05.png 1920w\" sizes=\"auto, (max-width: 1024px) 100vw, 1024px\" \/><figcaption class=\"wp-element-caption\">session r\u00e9sidentielle 2026<\/figcaption><\/figure>\n<\/div>\n\n\n\n<div class=\"wp-block-column is-vertically-aligned-center is-layout-flow wp-block-column-is-layout-flow\" style=\"flex-basis:33.33%\">\n<div class=\"wp-block-buttons is-layout-flex wp-block-buttons-is-layout-flex\">\n<div class=\"wp-block-button\"><a class=\"wp-block-button__link has-background wp-element-button\" href=\"https:\/\/www.helloasso.com\/associations\/institut-francais-de-psychosynthese\/evenements\/session-residentielle-mai-2026\" style=\"background-color:#7ed957\" target=\"_blank\" rel=\"noreferrer noopener\">Je m&rsquo;inscris<\/a><\/div>\n<\/div>\n<\/div>\n<\/div>\n\n\n\n<h1 class=\"wp-block-heading\">Session r\u00e9sidentielle 2026<\/h1>\n\n\n\n<p>Cette session est une opportunit\u00e9 de prendre du recul, de vous reconnecter \u00e0 votre dynamique int\u00e9rieure et de devenir pleinement acteur de votre \u00e9volution.<\/p>\n\n\n\n<h2 class=\"wp-block-heading\">Les quatre saisons de la Psychosynth\u00e8se<\/h2>\n\n\n\n<ul class=\"wp-block-list\">\n<li>Du mercredi 13 mai 2026 (d\u00eener \u00e0 19h) au dimanche 17 mai 2026 \u00e0 15h<\/li>\n\n\n\n<li>\u00c0 la Maison de la Sainte Trinit\u00e9 de Cerfroid \u2013 Brumetz (Aisne)<\/li>\n\n\n\n<li>Anim\u00e9e par Vincent Claessens<\/li>\n<\/ul>\n\n\n\n<h2 class=\"wp-block-heading\">Cheminer au fil des saisons de l&rsquo;\u00eatre<\/h2>\n\n\n\n<p>Dans la vie, tout est mouvement, tout est cycle. Comme dans la nature, notre monde int\u00e9rieur traverse des saisons, des phases de croissance, de maturation, de transformation.<\/p>\n\n\n\n<p>La psychosynth\u00e8se nous invite \u00e0 voir ces passages non comme des r\u00e9p\u00e9titions, mais comme une <strong>spirale ascendante<\/strong> : chaque \u00e9tape nous fait \u00e9voluer, \u00e0 condition d\u2019accueillir les transitions et les crises comme des opportunit\u00e9s de transformation.<\/p>\n\n\n\n<p>Cette session r\u00e9sidentielle propose un temps d\u2019immersion pour :<\/p>\n\n\n\n<ul class=\"wp-block-list\">\n<li>mieux comprendre les cycles de votre \u00e9volution int\u00e9rieure<\/li>\n\n\n\n<li>aborder les p\u00e9riodes de transition de mani\u00e8re constructive<\/li>\n\n\n\n<li>faire le point sur votre parcours<\/li>\n\n\n\n<li>vous projeter avec plus de clart\u00e9 et de conscience<\/li>\n<\/ul>\n\n\n\n<h2 class=\"wp-block-heading\">Le th\u00e8me : Les quatre saisons de la Psychosynth\u00e8se<\/h2>\n\n\n\n<p>Chaque journ\u00e9e est construite comme une \u00e9tape symbolique du cycle :<\/p>\n\n\n\n<p><strong>Jour 1 \u2013 Printemps : Qu\u2019est-ce que je s\u00e8me ?<\/strong><br>Clarifier ses \u00e9lans, ses aspirations et ses intentions.<\/p>\n\n\n\n<p><strong>Jour 2 \u2013 \u00c9t\u00e9 : Comment je cultive mon jardin ?<\/strong><br>D\u00e9velopper, nourrir et soutenir ce qui a \u00e9t\u00e9 initi\u00e9.<\/p>\n\n\n\n<p><strong>Jour 3 \u2013 Automne \/ Hiver : Comment je jouis de ma r\u00e9colte ?<\/strong><br>Int\u00e9grer, r\u00e9colter, accueillir aussi les ralentissements n\u00e9cessaires.<\/p>\n\n\n\n<p><strong>Jour 4 \u2013 Le renouveau : Qu\u2019est-ce que je pr\u00e9vois ?<\/strong><br>Se projeter, ajuster et pr\u00e9parer le prochain cycle.<\/p>\n\n\n\n<h2 class=\"wp-block-heading\">Une p\u00e9dagogie exp\u00e9rientielle<\/h2>\n\n\n\n<p>La session alterne apports, exercices et temps de partage dans un cadre bienveillant et structurant.<\/p>\n\n\n\n<p><strong>L\u2019implication des participants repose sur :<\/strong><\/p>\n\n\n\n<ul class=\"wp-block-list\">\n<li>la ponctualit\u00e9 et l\u2019engagement dans les activit\u00e9s<\/li>\n\n\n\n<li>le respect de la confidentialit\u00e9<\/li>\n\n\n\n<li>une \u00e9coute active et respectueuse<\/li>\n\n\n\n<li>l\u2019ouverture aux exercices propos\u00e9s<\/li>\n\n\n\n<li>le partage d\u2019exp\u00e9rience dans un cadre s\u00e9curis\u00e9<\/li>\n<\/ul>\n\n\n\n<h2 class=\"wp-block-heading\">Informations pratiques<\/h2>\n\n\n\n<h3 class=\"wp-block-heading\">Horaires<\/h3>\n\n\n\n<p><strong>Arriv\u00e9e :<\/strong> mercredi en fin d\u2019apr\u00e8s-midi (d\u00eener \u00e0 19h)<\/p>\n\n\n\n<p><strong>Activit\u00e9s :<\/strong><\/p>\n\n\n\n<ul class=\"wp-block-list\">\n<li>Jeudi \u00e0 samedi : 9h30 \u2013 12h30 et 14h30 \u2013 18h<\/li>\n\n\n\n<li>Dimanche : 9h30 \u2013 12h30 et 14h \u2013 15h<\/li>\n<\/ul>\n\n\n\n<p><strong>Repas :<\/strong><\/p>\n\n\n\n<ul class=\"wp-block-list\">\n<li>Petit d\u00e9jeuner : 8h30<\/li>\n\n\n\n<li>D\u00e9jeuner : 12h30<\/li>\n\n\n\n<li>D\u00eener : 19h00<\/li>\n\n\n\n<li>Pauses-caf\u00e9 incluses<\/li>\n<\/ul>\n\n\n\n<h2 class=\"wp-block-heading\">Tarifs<\/h2>\n\n\n\n<p><strong>Prix : 550 \u20ac (tout compris : formation, h\u00e9bergement et repas)<\/strong><br><strong>Tarif r\u00e9duit : 495 \u20ac<\/strong> (adh\u00e9rents IFP 2026, \u00e9tudiants, demandeurs d\u2019emploi)<\/p>\n\n\n\n<p>\u00c0 noter :<\/p>\n\n\n\n<ul class=\"wp-block-list\">\n<li>Draps : 7 \u20ac (option)<\/li>\n\n\n\n<li>Linge de toilette : 3 \u20ac (option)<\/li>\n\n\n\n<li>Transport non inclus<\/li>\n<\/ul>\n\n\n\n<p>\ud83d\udc49 <strong>Inscription en ligne :<\/strong><br><a href=\"https:\/\/www.helloasso.com\/associations\/institut-francais-de-psychosynthese\/evenements\/session-residentielle-mai-2026\">https:\/\/www.helloasso.com\/associations\/institut-francais-de-psychosynthese\/evenements\/session-residentielle-mai-2026<\/a><\/p>\n\n\n\n<p>(Paiement \u00e9galement possible par ch\u00e8que aupr\u00e8s de l\u2019IFP)<\/p>\n\n\n\n<h2 class=\"wp-block-heading\">H\u00e9bergement<\/h2>\n\n\n\n<p><strong>Lieu : Maison de la Sainte Trinit\u00e9 de Cerfroid \u2013 Brumetz (02810)<\/strong><\/p>\n\n\n\n<ul class=\"wp-block-list\">\n<li>Chambre individuelle<\/li>\n\n\n\n<li>H\u00e9bergement inclus du mercredi soir au dimanche matin<\/li>\n\n\n\n<li>Draps et linge non fournis (possibilit\u00e9 de location)<\/li>\n<\/ul>\n\n\n\n<p>Ce lieu charg\u00e9 d\u2019histoire, berceau de l\u2019ordre des Trinitaires, offre un cadre propice au recul, \u00e0 l\u2019int\u00e9riorit\u00e9 et au travail en profondeur.<\/p>\n\n\n\n<figure class=\"wp-block-gallery has-nested-images columns-default is-cropped wp-block-gallery-1 is-layout-flex wp-block-gallery-is-layout-flex\">\n<figure class=\"wp-block-image size-large\"><img loading=\"lazy\" decoding=\"async\" width=\"768\" height=\"1024\" data-id=\"4743\" src=\"https:\/\/psychosynthese.fr\/wp-content\/uploads\/2026\/03\/delphine-assise1-768x1024.jpg\" alt=\"\" class=\"wp-image-4743\" srcset=\"https:\/\/psychosynthese.fr\/wp-content\/uploads\/2026\/03\/delphine-assise1-768x1024.jpg 768w, https:\/\/psychosynthese.fr\/wp-content\/uploads\/2026\/03\/delphine-assise1-225x300.jpg 225w, https:\/\/psychosynthese.fr\/wp-content\/uploads\/2026\/03\/delphine-assise1-1152x1536.jpg 1152w, https:\/\/psychosynthese.fr\/wp-content\/uploads\/2026\/03\/delphine-assise1.jpg 1536w\" sizes=\"auto, (max-width: 768px) 100vw, 768px\" \/><\/figure>\n\n\n\n<figure class=\"wp-block-image size-large\"><img loading=\"lazy\" decoding=\"async\" width=\"768\" height=\"1024\" data-id=\"4744\" src=\"https:\/\/psychosynthese.fr\/wp-content\/uploads\/2026\/03\/entree-1-768x1024.jpg\" alt=\"\" class=\"wp-image-4744\" srcset=\"https:\/\/psychosynthese.fr\/wp-content\/uploads\/2026\/03\/entree-1-768x1024.jpg 768w, https:\/\/psychosynthese.fr\/wp-content\/uploads\/2026\/03\/entree-1-225x300.jpg 225w, https:\/\/psychosynthese.fr\/wp-content\/uploads\/2026\/03\/entree-1-1152x1536.jpg 1152w, https:\/\/psychosynthese.fr\/wp-content\/uploads\/2026\/03\/entree-1.jpg 1200w\" sizes=\"auto, (max-width: 768px) 100vw, 768px\" \/><\/figure>\n\n\n\n<figure class=\"wp-block-image size-large\"><img loading=\"lazy\" decoding=\"async\" width=\"768\" height=\"1024\" data-id=\"4745\" src=\"https:\/\/psychosynthese.fr\/wp-content\/uploads\/2026\/03\/groupe-discussion4-768x1024.jpg\" alt=\"\" class=\"wp-image-4745\" srcset=\"https:\/\/psychosynthese.fr\/wp-content\/uploads\/2026\/03\/groupe-discussion4-768x1024.jpg 768w, https:\/\/psychosynthese.fr\/wp-content\/uploads\/2026\/03\/groupe-discussion4-225x300.jpg 225w, https:\/\/psychosynthese.fr\/wp-content\/uploads\/2026\/03\/groupe-discussion4-1152x1536.jpg 1152w, https:\/\/psychosynthese.fr\/wp-content\/uploads\/2026\/03\/groupe-discussion4.jpg 1200w\" sizes=\"auto, (max-width: 768px) 100vw, 768px\" \/><\/figure>\n\n\n\n<figure class=\"wp-block-image size-large\"><img loading=\"lazy\" decoding=\"async\" width=\"1024\" height=\"768\" data-id=\"4746\" src=\"https:\/\/psychosynthese.fr\/wp-content\/uploads\/2026\/03\/jardin2-1024x768.jpg\" alt=\"\" class=\"wp-image-4746\" srcset=\"https:\/\/psychosynthese.fr\/wp-content\/uploads\/2026\/03\/jardin2-1024x768.jpg 1024w, https:\/\/psychosynthese.fr\/wp-content\/uploads\/2026\/03\/jardin2-300x225.jpg 300w, https:\/\/psychosynthese.fr\/wp-content\/uploads\/2026\/03\/jardin2-768x576.jpg 768w, https:\/\/psychosynthese.fr\/wp-content\/uploads\/2026\/03\/jardin2-1536x1152.jpg 1536w, https:\/\/psychosynthese.fr\/wp-content\/uploads\/2026\/03\/jardin2-2048x1536.jpg 2048w\" sizes=\"auto, (max-width: 1024px) 100vw, 1024px\" \/><\/figure>\n\n\n\n<figure class=\"wp-block-image size-large\"><img loading=\"lazy\" decoding=\"async\" width=\"768\" height=\"1024\" data-id=\"4747\" src=\"https:\/\/psychosynthese.fr\/wp-content\/uploads\/2026\/03\/ruines3-768x1024.jpg\" alt=\"\" class=\"wp-image-4747\" srcset=\"https:\/\/psychosynthese.fr\/wp-content\/uploads\/2026\/03\/ruines3-768x1024.jpg 768w, https:\/\/psychosynthese.fr\/wp-content\/uploads\/2026\/03\/ruines3-225x300.jpg 225w, https:\/\/psychosynthese.fr\/wp-content\/uploads\/2026\/03\/ruines3-1152x1536.jpg 1152w, https:\/\/psychosynthese.fr\/wp-content\/uploads\/2026\/03\/ruines3.jpg 1200w\" sizes=\"auto, (max-width: 768px) 100vw, 768px\" \/><\/figure>\n<\/figure>\n\n\n\n<h2 class=\"wp-block-heading\">Acc\u00e8s<\/h2>\n\n\n\n<p><strong>En train :<\/strong><\/p>\n\n\n\n<ul class=\"wp-block-list\">\n<li>Paris Gare de l\u2019Est \u2192 Crouy-sur-Ourcq (environ 1h)<\/li>\n\n\n\n<li>Puis transfert en voiture jusqu\u2019\u00e0 Brumetz<\/li>\n<\/ul>\n\n\n\n<p><strong>En voiture :<\/strong><\/p>\n\n\n\n<ul class=\"wp-block-list\">\n<li>Depuis Soissons : Villers-Cotter\u00eats \u2192 La Fert\u00e9-Milon \u2192 Mareuil-sur-Ourcq \u2192 Montigny-l\u2019Allier<\/li>\n\n\n\n<li>Depuis Paris \/ Reims : A4 sortie Montreuil-aux-Lions \u2192 Dhuisy \u2192 Coulombs-en-Valois \u2192 Vasset<\/li>\n<\/ul>\n\n\n\n<p>Cerfroid se situe sur la D9 entre Montigny et Brumetz.<\/p>\n\n\n<div class=\"wp-block-image\">\n<figure class=\"aligncenter size-large is-resized\"><img loading=\"lazy\" decoding=\"async\" width=\"1024\" height=\"587\" src=\"https:\/\/psychosynthese.fr\/wp-content\/uploads\/2026\/03\/gare-de-l-est-a-brumetz-1024x587.png\" alt=\"\" class=\"wp-image-4741\" style=\"width:557px;height:auto\" srcset=\"https:\/\/psychosynthese.fr\/wp-content\/uploads\/2026\/03\/gare-de-l-est-a-brumetz-1024x587.png 1024w, https:\/\/psychosynthese.fr\/wp-content\/uploads\/2026\/03\/gare-de-l-est-a-brumetz-300x172.png 300w, https:\/\/psychosynthese.fr\/wp-content\/uploads\/2026\/03\/gare-de-l-est-a-brumetz-768x440.png 768w, https:\/\/psychosynthese.fr\/wp-content\/uploads\/2026\/03\/gare-de-l-est-a-brumetz.png 1065w\" sizes=\"auto, (max-width: 1024px) 100vw, 1024px\" \/><\/figure><\/div>\n\n\n<h2 class=\"wp-block-heading\">Contacts<\/h2>\n\n\n\n<p><strong>Programme :<\/strong><br>Vincent Claessens<br>\ud83d\udce7 <a href=\"mailto:claessens_v@yahoo.fr\">claessens_v@yahoo.fr<\/a><\/p>\n\n\n\n<p><strong>Organisation et logistique :<\/strong><br>Institut Fran\u00e7ais de Psychosynth\u00e8se<br>\ud83d\udce7 <a href=\"mailto:ifp@psychosynthese.fr\">ifp@psychosynthese.fr<\/a><br>\ud83d\udcde 01 42 78 24 45<\/p>\n\n\n\n<h2 class=\"wp-block-heading\">FAQ <\/h2>\n\n\n\n<p><strong>Qu\u2019est-ce qu\u2019une session r\u00e9sidentielle en psychosynth\u00e8se ?<\/strong><br>C\u2019est un stage immersif sur plusieurs jours permettant d\u2019approfondir un travail sur soi \u00e0 travers des apports th\u00e9oriques et des exp\u00e9riences guid\u00e9es.<\/p>\n\n\n\n<p><strong>\u00c0 qui s\u2019adresse cette session ?<\/strong><br>Elle s\u2019adresse \u00e0 toute personne engag\u00e9e dans un chemin de d\u00e9veloppement personnel ou professionnel, d\u00e9j\u00e0 familiaris\u00e9e avec la psychosynth\u00e8se.<\/p>\n\n\n\n<p><strong>Faut-il avoir une exp\u00e9rience pr\u00e9alable ?<\/strong><br>Oui, cette session s&rsquo;adresse aux personnes ayant d\u00e9j\u00e0 une exp\u00e9rience de la psychosynth\u00e8se ou en cours de formation \u00e0 la psychosynth\u00e8se.<\/p>\n\n\n\n<p><strong>Quels sont les b\u00e9n\u00e9fices d\u2019un format r\u00e9sidentiel ?<\/strong><br>Le cadre immersif favorise le recul, la continuit\u00e9 du travail et une transformation plus profonde.<\/p>\n","protected":false},"excerpt":{"rendered":"<p>Participez \u00e0 une session r\u00e9sidentielle de psychosynth\u00e8se en mai 2026. Explorez les cycles du changement et votre \u00e9volution int\u00e9rieure sur 4 jours immersifs.<\/p>\n","protected":false},"author":1,"featured_media":4740,"comment_status":"closed","ping_status":"closed","sticky":false,"template":"","format":"standard","meta":{"_monsterinsights_skip_tracking":false,"_monsterinsights_sitenote_active":false,"_monsterinsights_sitenote_note":"","_monsterinsights_sitenote_category":0,"_uf_show_specific_survey":0,"_uf_disable_surveys":false,"footnotes":""},"categories":[162],"tags":[18,193,72],"class_list":{"0":"post-4736","1":"post","2":"type-post","3":"status-publish","4":"format-standard","5":"has-post-thumbnail","7":"category-session-residentielle","8":"tag-psychosynthese","9":"tag-sessionresidentielle","10":"tag-soin-de-soi","11":"czr-hentry"},"yoast_head":"<!-- This site is optimized with the Yoast SEO plugin v24.6 - https:\/\/yoast.com\/wordpress\/plugins\/seo\/ -->\n<title>Session r\u00e9sidentielle 2026 : Les quatre saisons de la Psychosynth\u00e8se - Institut Fran\u00e7ais de Psychosynth\u00e8se<\/title>\n<meta name=\"description\" content=\"Participez \u00e0 une session r\u00e9sidentielle de psychosynth\u00e8se en mai 2026. Explorez les cycles du changement et votre \u00e9volution int\u00e9rieure sur 4 jours immersifs.\" \/>\n<meta name=\"robots\" content=\"index, follow, max-snippet:-1, max-image-preview:large, max-video-preview:-1\" \/>\n<link rel=\"canonical\" href=\"https:\/\/psychosynthese.fr\/index.php\/2026\/03\/17\/session-residentielle-psychosynthese-mai-2026\/\" \/>\n<meta property=\"og:locale\" content=\"fr_FR\" \/>\n<meta property=\"og:type\" content=\"article\" \/>\n<meta property=\"og:title\" content=\"Session r\u00e9sidentielle 2026 : Les quatre saisons de la Psychosynth\u00e8se - Institut Fran\u00e7ais de Psychosynth\u00e8se\" \/>\n<meta property=\"og:description\" content=\"Participez \u00e0 une session r\u00e9sidentielle de psychosynth\u00e8se en mai 2026. Explorez les cycles du changement et votre \u00e9volution int\u00e9rieure sur 4 jours immersifs.\" \/>\n<meta property=\"og:url\" content=\"https:\/\/psychosynthese.fr\/index.php\/2026\/03\/17\/session-residentielle-psychosynthese-mai-2026\/\" \/>\n<meta property=\"og:site_name\" content=\"Institut Fran\u00e7ais de Psychosynth\u00e8se\" \/>\n<meta property=\"article:publisher\" content=\"https:\/\/www.facebook.com\/ifp.paris\" \/>\n<meta property=\"article:published_time\" content=\"2026-03-17T12:24:26+00:00\" \/>\n<meta property=\"article:modified_time\" content=\"2026-03-17T14:29:20+00:00\" \/>\n<meta property=\"og:image\" content=\"https:\/\/psychosynthese.fr\/wp-content\/uploads\/2026\/03\/article-session-resid-26-05.png\" \/>\n\t<meta property=\"og:image:width\" content=\"1920\" \/>\n\t<meta property=\"og:image:height\" content=\"1080\" \/>\n\t<meta property=\"og:image:type\" content=\"image\/png\" \/>\n<meta name=\"author\" content=\"ifp2\" \/>\n<meta name=\"twitter:card\" content=\"summary_large_image\" \/>\n<meta name=\"twitter:label1\" content=\"\u00c9crit par\" \/>\n\t<meta name=\"twitter:data1\" content=\"ifp2\" \/>\n\t<meta name=\"twitter:label2\" content=\"Dur\u00e9e de lecture estim\u00e9e\" \/>\n\t<meta name=\"twitter:data2\" content=\"3 minutes\" \/>\n<script type=\"application\/ld+json\" class=\"yoast-schema-graph\">{\"@context\":\"https:\/\/schema.org\",\"@graph\":[{\"@type\":\"Article\",\"@id\":\"https:\/\/psychosynthese.fr\/index.php\/2026\/03\/17\/session-residentielle-psychosynthese-mai-2026\/#article\",\"isPartOf\":{\"@id\":\"https:\/\/psychosynthese.fr\/index.php\/2026\/03\/17\/session-residentielle-psychosynthese-mai-2026\/\"},\"author\":{\"name\":\"ifp2\",\"@id\":\"https:\/\/psychosynthese.fr\/#\/schema\/person\/89a4d60b5f41f5ee2e7293d2fe248114\"},\"headline\":\"Session r\u00e9sidentielle 2026 : Les quatre saisons de la Psychosynth\u00e8se\",\"datePublished\":\"2026-03-17T12:24:26+00:00\",\"dateModified\":\"2026-03-17T14:29:20+00:00\",\"mainEntityOfPage\":{\"@id\":\"https:\/\/psychosynthese.fr\/index.php\/2026\/03\/17\/session-residentielle-psychosynthese-mai-2026\/\"},\"wordCount\":685,\"publisher\":{\"@id\":\"https:\/\/psychosynthese.fr\/#organization\"},\"image\":{\"@id\":\"https:\/\/psychosynthese.fr\/index.php\/2026\/03\/17\/session-residentielle-psychosynthese-mai-2026\/#primaryimage\"},\"thumbnailUrl\":\"https:\/\/psychosynthese.fr\/wp-content\/uploads\/2026\/03\/article-session-resid-26-05.png\",\"keywords\":[\"psychosynth\u00e8se\",\"sessionr\u00e9sidentielle\",\"soin de soi\"],\"articleSection\":[\"session r\u00e9sidentielle\"],\"inLanguage\":\"fr-FR\"},{\"@type\":\"WebPage\",\"@id\":\"https:\/\/psychosynthese.fr\/index.php\/2026\/03\/17\/session-residentielle-psychosynthese-mai-2026\/\",\"url\":\"https:\/\/psychosynthese.fr\/index.php\/2026\/03\/17\/session-residentielle-psychosynthese-mai-2026\/\",\"name\":\"Session r\u00e9sidentielle 2026 : Les quatre saisons de la Psychosynth\u00e8se - Institut Fran\u00e7ais de Psychosynth\u00e8se\",\"isPartOf\":{\"@id\":\"https:\/\/psychosynthese.fr\/#website\"},\"primaryImageOfPage\":{\"@id\":\"https:\/\/psychosynthese.fr\/index.php\/2026\/03\/17\/session-residentielle-psychosynthese-mai-2026\/#primaryimage\"},\"image\":{\"@id\":\"https:\/\/psychosynthese.fr\/index.php\/2026\/03\/17\/session-residentielle-psychosynthese-mai-2026\/#primaryimage\"},\"thumbnailUrl\":\"https:\/\/psychosynthese.fr\/wp-content\/uploads\/2026\/03\/article-session-resid-26-05.png\",\"datePublished\":\"2026-03-17T12:24:26+00:00\",\"dateModified\":\"2026-03-17T14:29:20+00:00\",\"description\":\"Participez \u00e0 une session r\u00e9sidentielle de psychosynth\u00e8se en mai 2026. Explorez les cycles du changement et votre \u00e9volution int\u00e9rieure sur 4 jours immersifs.\",\"breadcrumb\":{\"@id\":\"https:\/\/psychosynthese.fr\/index.php\/2026\/03\/17\/session-residentielle-psychosynthese-mai-2026\/#breadcrumb\"},\"inLanguage\":\"fr-FR\",\"potentialAction\":[{\"@type\":\"ReadAction\",\"target\":[\"https:\/\/psychosynthese.fr\/index.php\/2026\/03\/17\/session-residentielle-psychosynthese-mai-2026\/\"]}]},{\"@type\":\"ImageObject\",\"inLanguage\":\"fr-FR\",\"@id\":\"https:\/\/psychosynthese.fr\/index.php\/2026\/03\/17\/session-residentielle-psychosynthese-mai-2026\/#primaryimage\",\"url\":\"https:\/\/psychosynthese.fr\/wp-content\/uploads\/2026\/03\/article-session-resid-26-05.png\",\"contentUrl\":\"https:\/\/psychosynthese.fr\/wp-content\/uploads\/2026\/03\/article-session-resid-26-05.png\",\"width\":1920,\"height\":1080,\"caption\":\"session r\u00e9sidentielle 2026\"},{\"@type\":\"BreadcrumbList\",\"@id\":\"https:\/\/psychosynthese.fr\/index.php\/2026\/03\/17\/session-residentielle-psychosynthese-mai-2026\/#breadcrumb\",\"itemListElement\":[{\"@type\":\"ListItem\",\"position\":1,\"name\":\"Accueil\",\"item\":\"https:\/\/psychosynthese.fr\/\"},{\"@type\":\"ListItem\",\"position\":2,\"name\":\"Session r\u00e9sidentielle 2026 : Les quatre saisons de la Psychosynth\u00e8se\"}]},{\"@type\":\"WebSite\",\"@id\":\"https:\/\/psychosynthese.fr\/#website\",\"url\":\"https:\/\/psychosynthese.fr\/\",\"name\":\"Institut Fran\u00e7ais de Psychosynth\u00e8se\",\"description\":\"Formation en psychosynth\u00e8se\",\"publisher\":{\"@id\":\"https:\/\/psychosynthese.fr\/#organization\"},\"alternateName\":\"IFP\",\"potentialAction\":[{\"@type\":\"SearchAction\",\"target\":{\"@type\":\"EntryPoint\",\"urlTemplate\":\"https:\/\/psychosynthese.fr\/?s={search_term_string}\"},\"query-input\":{\"@type\":\"PropertyValueSpecification\",\"valueRequired\":true,\"valueName\":\"search_term_string\"}}],\"inLanguage\":\"fr-FR\"},{\"@type\":\"Organization\",\"@id\":\"https:\/\/psychosynthese.fr\/#organization\",\"name\":\"Institut Fran\u00e7ais de Psychosynth\u00e8se\",\"url\":\"https:\/\/psychosynthese.fr\/\",\"logo\":{\"@type\":\"ImageObject\",\"inLanguage\":\"fr-FR\",\"@id\":\"https:\/\/psychosynthese.fr\/#\/schema\/logo\/image\/\",\"url\":\"https:\/\/psychosynthese.fr\/wp-content\/uploads\/2017\/03\/cropped-cropped-logo-ifp-155.jpg\",\"contentUrl\":\"https:\/\/psychosynthese.fr\/wp-content\/uploads\/2017\/03\/cropped-cropped-logo-ifp-155.jpg\",\"width\":135,\"height\":135,\"caption\":\"Institut Fran\u00e7ais de Psychosynth\u00e8se\"},\"image\":{\"@id\":\"https:\/\/psychosynthese.fr\/#\/schema\/logo\/image\/\"},\"sameAs\":[\"https:\/\/www.facebook.com\/ifp.paris\",\"https:\/\/www.youtube.com\/channel\/UCKmHyF5IEF9hQ_UI4mmbYgw\"]},{\"@type\":\"Person\",\"@id\":\"https:\/\/psychosynthese.fr\/#\/schema\/person\/89a4d60b5f41f5ee2e7293d2fe248114\",\"name\":\"ifp2\",\"url\":\"https:\/\/psychosynthese.fr\/index.php\/author\/ifp\/\"}]}<\/script>\n<!-- \/ Yoast SEO plugin. -->","yoast_head_json":{"title":"Session r\u00e9sidentielle 2026 : Les quatre saisons de la Psychosynth\u00e8se - Institut Fran\u00e7ais de Psychosynth\u00e8se","description":"Participez \u00e0 une session r\u00e9sidentielle de psychosynth\u00e8se en mai 2026. Explorez les cycles du changement et votre \u00e9volution int\u00e9rieure sur 4 jours immersifs.","robots":{"index":"index","follow":"follow","max-snippet":"max-snippet:-1","max-image-preview":"max-image-preview:large","max-video-preview":"max-video-preview:-1"},"canonical":"https:\/\/psychosynthese.fr\/index.php\/2026\/03\/17\/session-residentielle-psychosynthese-mai-2026\/","og_locale":"fr_FR","og_type":"article","og_title":"Session r\u00e9sidentielle 2026 : Les quatre saisons de la Psychosynth\u00e8se - Institut Fran\u00e7ais de Psychosynth\u00e8se","og_description":"Participez \u00e0 une session r\u00e9sidentielle de psychosynth\u00e8se en mai 2026. Explorez les cycles du changement et votre \u00e9volution int\u00e9rieure sur 4 jours immersifs.","og_url":"https:\/\/psychosynthese.fr\/index.php\/2026\/03\/17\/session-residentielle-psychosynthese-mai-2026\/","og_site_name":"Institut Fran\u00e7ais de Psychosynth\u00e8se","article_publisher":"https:\/\/www.facebook.com\/ifp.paris","article_published_time":"2026-03-17T12:24:26+00:00","article_modified_time":"2026-03-17T14:29:20+00:00","og_image":[{"width":1920,"height":1080,"url":"https:\/\/psychosynthese.fr\/wp-content\/uploads\/2026\/03\/article-session-resid-26-05.png","type":"image\/png"}],"author":"ifp2","twitter_card":"summary_large_image","twitter_misc":{"\u00c9crit par":"ifp2","Dur\u00e9e de lecture estim\u00e9e":"3 minutes"},"schema":{"@context":"https:\/\/schema.org","@graph":[{"@type":"Article","@id":"https:\/\/psychosynthese.fr\/index.php\/2026\/03\/17\/session-residentielle-psychosynthese-mai-2026\/#article","isPartOf":{"@id":"https:\/\/psychosynthese.fr\/index.php\/2026\/03\/17\/session-residentielle-psychosynthese-mai-2026\/"},"author":{"name":"ifp2","@id":"https:\/\/psychosynthese.fr\/#\/schema\/person\/89a4d60b5f41f5ee2e7293d2fe248114"},"headline":"Session r\u00e9sidentielle 2026 : Les quatre saisons de la Psychosynth\u00e8se","datePublished":"2026-03-17T12:24:26+00:00","dateModified":"2026-03-17T14:29:20+00:00","mainEntityOfPage":{"@id":"https:\/\/psychosynthese.fr\/index.php\/2026\/03\/17\/session-residentielle-psychosynthese-mai-2026\/"},"wordCount":685,"publisher":{"@id":"https:\/\/psychosynthese.fr\/#organization"},"image":{"@id":"https:\/\/psychosynthese.fr\/index.php\/2026\/03\/17\/session-residentielle-psychosynthese-mai-2026\/#primaryimage"},"thumbnailUrl":"https:\/\/psychosynthese.fr\/wp-content\/uploads\/2026\/03\/article-session-resid-26-05.png","keywords":["psychosynth\u00e8se","sessionr\u00e9sidentielle","soin de soi"],"articleSection":["session r\u00e9sidentielle"],"inLanguage":"fr-FR"},{"@type":"WebPage","@id":"https:\/\/psychosynthese.fr\/index.php\/2026\/03\/17\/session-residentielle-psychosynthese-mai-2026\/","url":"https:\/\/psychosynthese.fr\/index.php\/2026\/03\/17\/session-residentielle-psychosynthese-mai-2026\/","name":"Session r\u00e9sidentielle 2026 : Les quatre saisons de la Psychosynth\u00e8se - Institut Fran\u00e7ais de Psychosynth\u00e8se","isPartOf":{"@id":"https:\/\/psychosynthese.fr\/#website"},"primaryImageOfPage":{"@id":"https:\/\/psychosynthese.fr\/index.php\/2026\/03\/17\/session-residentielle-psychosynthese-mai-2026\/#primaryimage"},"image":{"@id":"https:\/\/psychosynthese.fr\/index.php\/2026\/03\/17\/session-residentielle-psychosynthese-mai-2026\/#primaryimage"},"thumbnailUrl":"https:\/\/psychosynthese.fr\/wp-content\/uploads\/2026\/03\/article-session-resid-26-05.png","datePublished":"2026-03-17T12:24:26+00:00","dateModified":"2026-03-17T14:29:20+00:00","description":"Participez \u00e0 une session r\u00e9sidentielle de psychosynth\u00e8se en mai 2026. Explorez les cycles du changement et votre \u00e9volution int\u00e9rieure sur 4 jours immersifs.","breadcrumb":{"@id":"https:\/\/psychosynthese.fr\/index.php\/2026\/03\/17\/session-residentielle-psychosynthese-mai-2026\/#breadcrumb"},"inLanguage":"fr-FR","potentialAction":[{"@type":"ReadAction","target":["https:\/\/psychosynthese.fr\/index.php\/2026\/03\/17\/session-residentielle-psychosynthese-mai-2026\/"]}]},{"@type":"ImageObject","inLanguage":"fr-FR","@id":"https:\/\/psychosynthese.fr\/index.php\/2026\/03\/17\/session-residentielle-psychosynthese-mai-2026\/#primaryimage","url":"https:\/\/psychosynthese.fr\/wp-content\/uploads\/2026\/03\/article-session-resid-26-05.png","contentUrl":"https:\/\/psychosynthese.fr\/wp-content\/uploads\/2026\/03\/article-session-resid-26-05.png","width":1920,"height":1080,"caption":"session r\u00e9sidentielle 2026"},{"@type":"BreadcrumbList","@id":"https:\/\/psychosynthese.fr\/index.php\/2026\/03\/17\/session-residentielle-psychosynthese-mai-2026\/#breadcrumb","itemListElement":[{"@type":"ListItem","position":1,"name":"Accueil","item":"https:\/\/psychosynthese.fr\/"},{"@type":"ListItem","position":2,"name":"Session r\u00e9sidentielle 2026 : Les quatre saisons de la Psychosynth\u00e8se"}]},{"@type":"WebSite","@id":"https:\/\/psychosynthese.fr\/#website","url":"https:\/\/psychosynthese.fr\/","name":"Institut Fran\u00e7ais de Psychosynth\u00e8se","description":"Formation en psychosynth\u00e8se","publisher":{"@id":"https:\/\/psychosynthese.fr\/#organization"},"alternateName":"IFP","potentialAction":[{"@type":"SearchAction","target":{"@type":"EntryPoint","urlTemplate":"https:\/\/psychosynthese.fr\/?s={search_term_string}"},"query-input":{"@type":"PropertyValueSpecification","valueRequired":true,"valueName":"search_term_string"}}],"inLanguage":"fr-FR"},{"@type":"Organization","@id":"https:\/\/psychosynthese.fr\/#organization","name":"Institut Fran\u00e7ais de Psychosynth\u00e8se","url":"https:\/\/psychosynthese.fr\/","logo":{"@type":"ImageObject","inLanguage":"fr-FR","@id":"https:\/\/psychosynthese.fr\/#\/schema\/logo\/image\/","url":"https:\/\/psychosynthese.fr\/wp-content\/uploads\/2017\/03\/cropped-cropped-logo-ifp-155.jpg","contentUrl":"https:\/\/psychosynthese.fr\/wp-content\/uploads\/2017\/03\/cropped-cropped-logo-ifp-155.jpg","width":135,"height":135,"caption":"Institut Fran\u00e7ais de Psychosynth\u00e8se"},"image":{"@id":"https:\/\/psychosynthese.fr\/#\/schema\/logo\/image\/"},"sameAs":["https:\/\/www.facebook.com\/ifp.paris","https:\/\/www.youtube.com\/channel\/UCKmHyF5IEF9hQ_UI4mmbYgw"]},{"@type":"Person","@id":"https:\/\/psychosynthese.fr\/#\/schema\/person\/89a4d60b5f41f5ee2e7293d2fe248114","name":"ifp2","url":"https:\/\/psychosynthese.fr\/index.php\/author\/ifp\/"}]}},"_links":{"self":[{"href":"https:\/\/psychosynthese.fr\/index.php\/wp-json\/wp\/v2\/posts\/4736","targetHints":{"allow":["GET"]}}],"collection":[{"href":"https:\/\/psychosynthese.fr\/index.php\/wp-json\/wp\/v2\/posts"}],"about":[{"href":"https:\/\/psychosynthese.fr\/index.php\/wp-json\/wp\/v2\/types\/post"}],"author":[{"embeddable":true,"href":"https:\/\/psychosynthese.fr\/index.php\/wp-json\/wp\/v2\/users\/1"}],"replies":[{"embeddable":true,"href":"https:\/\/psychosynthese.fr\/index.php\/wp-json\/wp\/v2\/comments?post=4736"}],"version-history":[{"count":4,"href":"https:\/\/psychosynthese.fr\/index.php\/wp-json\/wp\/v2\/posts\/4736\/revisions"}],"predecessor-version":[{"id":4755,"href":"https:\/\/psychosynthese.fr\/index.php\/wp-json\/wp\/v2\/posts\/4736\/revisions\/4755"}],"wp:featuredmedia":[{"embeddable":true,"href":"https:\/\/psychosynthese.fr\/index.php\/wp-json\/wp\/v2\/media\/4740"}],"wp:attachment":[{"href":"https:\/\/psychosynthese.fr\/index.php\/wp-json\/wp\/v2\/media?parent=4736"}],"wp:term":[{"taxonomy":"category","embeddable":true,"href":"https:\/\/psychosynthese.fr\/index.php\/wp-json\/wp\/v2\/categories?post=4736"},{"taxonomy":"post_tag","embeddable":true,"href":"https:\/\/psychosynthese.fr\/index.php\/wp-json\/wp\/v2\/tags?post=4736"}],"curies":[{"name":"wp","href":"https:\/\/api.w.org\/{rel}","templated":true}]}}