{"id":75,"date":"2016-02-19T10:55:35","date_gmt":"2016-02-19T09:55:35","guid":{"rendered":"http:\/\/psychosynthese.fr\/?p=75"},"modified":"2019-03-11T16:00:10","modified_gmt":"2019-03-11T15:00:10","slug":"la-rencontre-assagioli-ferrucci","status":"publish","type":"post","link":"https:\/\/psychosynthese.fr\/index.php\/2016\/02\/19\/la-rencontre-assagioli-ferrucci\/","title":{"rendered":"La rencontre Assagioli \/ Ferrucci"},"content":{"rendered":"<p><strong>J<\/strong>e rencontrai pour la premi\u00e8re fois Roberto Assagioli, le fondateur de la Psychosynth\u00e8se en 1969. Je revenai d\u2019un long s\u00e9jour en Californie, qui dans ces ann\u00e9es l\u00e0 \u00e9tait le creuset de nouvelles id\u00e9es; parmi celles-ci, certaines m\u2019int\u00e9ressaient davantage : la r\u00e9alisation de ses potentialit\u00e9s, la psychologie transpersonnelle, les \u00e9tats alt\u00e9r\u00e9s de conscience. J\u2019avais s\u00e9journ\u00e9 un certain temps \u00e0 l\u2019Institut d\u2019Esalem, qui \u00e9tait l\u2019\u00e9picentre de toutes les recherches et activit\u00e9s sur ces th\u00e8mes. L\u00e0 j\u2019avais entendu parler du psychiatre italien Roberto Assagioli comme d\u2019une figure tr\u00e8s importante dans ce domaine : \u00ab Mai comment, tu es italien et tu ne le connais m\u00eame pas ? Il est \u00e0 Florence \u00bb.<\/p>\n<p><strong>R<\/strong>evenu en Italie, je lui \u00e9crivis et ensuite j\u2019allais le trouver. La nuit pr\u00e9c\u00e9dente, alors que je ne l\u2019avais jamais rencontr\u00e9, ni vu en photographie, je r\u00eavai de lui : un vieux fragile et souriant, avec la barbe blanche et l\u2019air d\u2019un sage rabbin. Il \u00e9tait sur le si\u00e8ge arri\u00e8re d\u2019une automobile tr\u00e8s belle et luxueuse. Il me dit : \u00abViens, je t\u2019emm\u00e8ne faire un tour \u00bb.<\/p>\n<p>Le jour d\u2019apr\u00e8s je rencontrai Assagioli, et il \u00e9tait vraiment comme le personnage dans le r\u00eave. Et ainsi je d\u00e9cidai d\u2019aller faire un tour avec lui. Le tour me fit vivre une transformation int\u00e9rieure profonde et un extraordinaire \u00e9largissement de mes perspectives.<\/p>\n<p><strong>C<\/strong>es choses l\u00e0 \u00e9taient normales pour n\u2019importe qui travaillait avec lui. On faisait des \u00e9tranges r\u00eaves, tr\u00e8s beaux et intenses, il y avait des bouleversements int\u00e9rieurs soudains, ils arrivaient des co\u00efncidences surprenantes, on \u00e9prouvait des sensations et des \u00e9motions alors m\u00e9connues. On voyait ce qu\u2019est vraiment le changement.<\/p>\n<p><strong>P<\/strong>ourtant Assagioli ne se donnait pas des airs de guru ou de sorcier. Au contraire il appartenait \u00e0 la meilleure tradition scientifique et culturelle du d\u00e9but du XX si\u00e8cle. Il avait \u00e9crit sur \u00ab La Voce \u00bb avec Prezzolini, il avait \u00e9t\u00e9 ami de Jung, et Freud l\u2019avait consid\u00e9r\u00e9 comme le repr\u00e9sentant de la psychanalyse en Italie : ce n\u2019est pas par hasard, vu qu\u2019il avait \u00e9t\u00e9 le premier \u00e0 la traduire et la publier en italien. Il avait \u00e9t\u00e9 pr\u00e8s de personnages comme Martin Buber et Rabindranath Tagore. Et, la chose plus importante que toutes, il avait fond\u00e9 la Psychosynth\u00e8se, une \u00e9cole de psychologie qui offre beaucoup d\u2019occasions stimulantes \u00e0 tous ceux qui s\u2019int\u00e9ressent \u00e0 leur transformation personnelle.<\/p>\n<p><strong>J<\/strong>uste avant qu\u2019Assagioli ne meure, il se produisit une \u00e9trange co\u00efncidence. J\u2019\u00e9tais \u00e0 nouveau en Californie, \u00e0 Los Angeles. Je rencontrai par chance \u00e0 un concert un homme qui me dit conna\u00eetre Assagioli. Il l\u2019avait connu quelque ann\u00e9es avant. Il \u00e9tait all\u00e9 chez lui et Assagioli l\u2019avait fait attendre quelques minutes dans une petite salle d\u2019attente; Ensuite la domestique d\u2019Assagioli l\u2019avait fait d\u00e9placer dans une autre pi\u00e8ce, et, en lui donnant papier et plume, il lui avait dit : \u00ab Maintenant le docteur Assagioli vous prie d\u2019\u00e9num\u00e9rer tout ce que vous avez vu dans la premi\u00e8re salle \u0096 chaque objet, bibelot, tableau et ainsi de suite. C\u2019\u00e9tait l&rsquo;exercice d&rsquo;observation, tr\u00e8s utile pour qui vit trop dans ses \u00e9motions et qui oublie le contact avec la r\u00e9alit\u00e9. Vraiment pendant que ce monsieur me racontait cet \u00e9pisode, Assagioli (je ne le savais pas) mourait dans sa maison de campagne \u00e0 Capolona.<\/p>\n<p><strong>C<\/strong>et exercice d&rsquo;observation peut sembler une curiosit\u00e9, un simple exercice. Mais le concept au dessous est fondamental. La psychosynth\u00e8se vise \u00e0 la ma\u00eetrise de toutes nos fonctions psychiques. Comment pouvons-nous nous sentir bien si n\u2019avons aucun contr\u00f4le sur nous-m\u00eames, si ne pouvons pas employer au mieux les moyens dont nous disposons ?<\/p>\n<p><strong>D<\/strong>ans ce travail le r\u00f4le de la volont\u00e9 est central. Assagioli la ramena des limbes dans lesquels l\u2019avait rel\u00e9gu\u00e9e la psychanalyse, en lui donnant un r\u00f4le central dans la psychosynth\u00e8se. Cependant il s\u2019agit d\u2019une volont\u00e9 r\u00e9nov\u00e9e : Ce n\u2019est pas le poing de fer, le \u00abVolli fortissimamente, volli\u00bb (Je voulu fortement, je voulu), l\u2019autoritarisme, mais la volont\u00e9 comme ma\u00eetrise de soi et la capacit\u00e9 d\u2019interagir activement avec le monde plut\u00f4t que d&rsquo;\u00eatre victime des circonstances \u0096 un trait commun \u00e0 tous les n\u00e9vros\u00e9s de ce monde.<\/p>\n<p><strong>U<\/strong>n autre th\u00e8me, celui peut-\u00eatre plus suggestif, de la psychosynth\u00e8se, est le superconscient: l\u2019origine de nos intuitions meilleures, des moments plus beaux de notre vie, des sentiments sup\u00e9rieurs comme la joie, la paix, l\u2019amour d\u00e9sint\u00e9ress\u00e9, et de nos occasions d&rsquo;\u00eatre cr\u00e9atifs. Pour favoriser l\u2019acc\u00e8s au superconscient la psychosynth\u00e8se offre des diverses techniques pratiques bas\u00e9es sur la visualisation, le silence interne, la m\u00e9ditation.<\/p>\n<p><strong>A<\/strong>ssagioli diversifie l\u2019inconscient sup\u00e9rieur ou le superconscient de l\u2019inconscient moyen (le mat\u00e9riel dont nous ne sommes pas toujours conscients, mais qui est accessible : par exemple notre num\u00e9ro de t\u00e9l\u00e9phone ou le souvenir de ce qui s\u2019est pass\u00e9 l\u2019\u00e9t\u00e9 pass\u00e9) , et de l\u2019inconscient inf\u00e9rieur, le si\u00e8ge des pulsions et des instincts, la partie de nous qui repr\u00e9sente les origines de notre \u00e9volution. Cette division entre inf\u00e9rieur et sup\u00e9rieur est parfois vue (injustement) comme une tentative cach\u00e9 d\u2019introduire dans la psychologie un subtil moralisme. Rien de tout cela : \u00ab inf\u00e9rieur \u00bb il veut dire seulement \u00ab pr\u00e9c\u00e9dent \u00bb.<\/p>\n<p><strong>M<\/strong>oi, cependant, j\u2019avais des difficult\u00e9s avec cette apparente dichotomie. Assagioli me donna cette image : \u00ab Nous sommes comme un n\u00e9nuphar, sa beaut\u00e9 et son parfum sont \u00e0 la lumi\u00e8re du soleil, et en dessous de la surface ses racines sont plong\u00e9es dans la boue \u00bb. Cette pol\u00e9mique me plaisait, donc j\u2019ai vite profit\u00e9 de l\u2019occasion : \u00ab Voil\u00e0 le moralisme ! Les instincts, la sexualit\u00e9, le corps sont la \u00ab boue \u00bb, l\u2019esprit est beau parce qu\u2019il est s\u00e9par\u00e9 du corps \u00bb. Un \u00e0 z\u00e9ro pour moi, je pensais. Mais je me trompais. La reponse d\u2019Assagioli fu illuminante : \u00ab Pas du tout. Le moraliste c\u2019est toi. Tu penses que la boue est laide et sale. Pour moi elle est une substance vivante et fertile, reli\u00e9e intimement avec la fleur. Sans la boue le n\u00e9nuphar ne pourrait jamais vivre et se d\u00e9velopper \u00bb.<\/p>\n<p><strong>E<\/strong>t maintenant nous revenons dans la salle d\u2019attente d\u2019Assagioli. Il y avait un divan avec en dessus une couverture de soie couleur paille, avec une \u00e9criture sanscrite brod\u00e9e en or. Un papier offrait la traduction : \u00ab Comme les hommes viennent \u00e0 moi, ainsi je les accueille \u00bb.<\/p>\n<p><strong>C&rsquo;<\/strong>est un vers de la Bhagavad Gita, texte sacr\u00e9 indien. C&rsquo;est Krishna qui parle, le symbole du Soi spirituel : et il dit que les voies pour le rejoindre sont diverses. On peut se r\u00e9aliser \u00e0 travers la danse, \u00e0 travers la m\u00e9ditation, le travail et l\u2019immersion dans la soci\u00e9t\u00e9 avec la contemplation de la beaut\u00e9, avec la recherche scientifique et philosophique, et aussi avec la pri\u00e8re. Ceci est un concept cher \u00e0 Assagioli : les voies qui conduisent vers le spirituel (ou transpersonnel, comme il pr\u00e9f\u00e9rait l\u2019appeler) sont nombreuses. Il n\u2019y a pas de dogmes, il n\u2019y a pas de monopoles, il n\u2019y a pas de parcours oblig\u00e9s.<\/p>\n<p><strong>L<\/strong>e travail sur soi-m\u00eame n\u2019est pas une forme de divertissement solitaire. Assagioli a toujours donn\u00e9 une \u00e9norme importance aux relations entre les personnes. Notre \u00e9quilibre et notre bien-\u00eatre d\u00e9pendent de la qualit\u00e9 de nos relations avec les autres : nous vivons dans les conflits irr\u00e9solus, les rancunes, les mauvais souvenirs de nos relations. Par contre, si nos rapports avec les autres sont sereins et harmonieux, nous-m\u00eames, nous sentirons beaucoup mieux. L\u2019amour, la gentillesse, la s\u00e9r\u00e9nit\u00e9, l\u2019ouverture, et autres qualit\u00e9s interpersonnelles peuvent se cultiver. Dans les rapports avec les autres nous pouvons nous r\u00e9aliser nous-m\u00eames.<\/p>\n<p><strong>A<\/strong>pr\u00e8s environ un an de travail avec Assagioli, il me sembla comprendre que dans la psychoth\u00e9rapie les techniques ne sont pas tellement importantes; ce qui compte vraiment, c\u2019est la qualit\u00e9 de la relation entre th\u00e9rapeute et client ou patient, l\u2019alchimie qui se produit entre ces deux personnes. Je le dis \u00e0 Assagioli, de mani\u00e8re un peu brusque : \u00ab Les techniques ne servent \u00e0 rien. Ce qui compte c&rsquo;est la relation \u00bb. Il y avait un peu de malice et de pr\u00e9somption dans cette affirmation : apr\u00e8s tout, la psychosynth\u00e8se est pleine de techniques. Je pensais prendre Assagioli \u00e0 d\u00e9pourvue. Mais je ne r\u00e9ussis pas. Sa r\u00e9ponse arriva imm\u00e9diate : \u00ab Finalement tu es arriv\u00e9. Je me demandais combien de temps tu aurais mis \u00e0 comprendre ! \u00bb<\/p>\n<p>&nbsp;<\/p>\n","protected":false},"excerpt":{"rendered":"<p>Je rencontrai pour la premi\u00e8re fois Roberto Assagioli, le fondateur de la Psychosynth\u00e8se en 1969. Je revenai d\u2019un long s\u00e9jour en Californie, qui dans ces ann\u00e9es l\u00e0 \u00e9tait le creuset de nouvelles id\u00e9es; parmi celles-ci, certaines m\u2019int\u00e9ressaient davantage : la r\u00e9alisation de ses potentialit\u00e9s, la psychologie transpersonnelle, les \u00e9tats alt\u00e9r\u00e9s de conscience. J\u2019avais s\u00e9journ\u00e9 un [&hellip;]<\/p>\n","protected":false},"author":1,"featured_media":895,"comment_status":"closed","ping_status":"closed","sticky":false,"template":"","format":"standard","meta":{"_monsterinsights_skip_tracking":false,"_monsterinsights_sitenote_active":false,"_monsterinsights_sitenote_note":"","_monsterinsights_sitenote_category":0,"_uf_show_specific_survey":0,"_uf_disable_surveys":false,"footnotes":""},"categories":[11,39],"tags":[],"class_list":{"0":"post-75","1":"post","2":"type-post","3":"status-publish","4":"format-standard","5":"has-post-thumbnail","7":"category-articles","8":"category-personnes","9":"czr-hentry"},"yoast_head":"<!-- This site is optimized with the Yoast SEO plugin v24.6 - https:\/\/yoast.com\/wordpress\/plugins\/seo\/ -->\n<title>La rencontre Assagioli \/ Ferrucci - Institut Fran\u00e7ais de Psychosynth\u00e8se<\/title>\n<meta name=\"robots\" content=\"index, follow, max-snippet:-1, max-image-preview:large, max-video-preview:-1\" \/>\n<link rel=\"canonical\" href=\"https:\/\/psychosynthese.fr\/index.php\/2016\/02\/19\/la-rencontre-assagioli-ferrucci\/\" \/>\n<meta property=\"og:locale\" content=\"fr_FR\" \/>\n<meta property=\"og:type\" content=\"article\" \/>\n<meta property=\"og:title\" content=\"La rencontre Assagioli \/ Ferrucci - Institut Fran\u00e7ais de Psychosynth\u00e8se\" \/>\n<meta property=\"og:description\" content=\"Je rencontrai pour la premi\u00e8re fois Roberto Assagioli, le fondateur de la Psychosynth\u00e8se en 1969. Je revenai d\u2019un long s\u00e9jour en Californie, qui dans ces ann\u00e9es l\u00e0 \u00e9tait le creuset de nouvelles id\u00e9es; parmi celles-ci, certaines m\u2019int\u00e9ressaient davantage : la r\u00e9alisation de ses potentialit\u00e9s, la psychologie transpersonnelle, les \u00e9tats alt\u00e9r\u00e9s de conscience. J\u2019avais s\u00e9journ\u00e9 un [&hellip;]\" \/>\n<meta property=\"og:url\" content=\"https:\/\/psychosynthese.fr\/index.php\/2016\/02\/19\/la-rencontre-assagioli-ferrucci\/\" \/>\n<meta property=\"og:site_name\" content=\"Institut Fran\u00e7ais de Psychosynth\u00e8se\" \/>\n<meta property=\"article:publisher\" content=\"https:\/\/www.facebook.com\/ifp.paris\" \/>\n<meta property=\"article:published_time\" content=\"2016-02-19T09:55:35+00:00\" \/>\n<meta property=\"article:modified_time\" content=\"2019-03-11T15:00:10+00:00\" \/>\n<meta property=\"og:image\" content=\"https:\/\/psychosynthese.fr\/wp-content\/uploads\/2019\/03\/capt-piero1.jpg\" \/>\n\t<meta property=\"og:image:width\" content=\"735\" \/>\n\t<meta property=\"og:image:height\" content=\"735\" \/>\n\t<meta property=\"og:image:type\" content=\"image\/jpeg\" \/>\n<meta name=\"author\" content=\"ifp2\" \/>\n<meta name=\"twitter:card\" content=\"summary_large_image\" \/>\n<meta name=\"twitter:label1\" content=\"\u00c9crit par\" \/>\n\t<meta name=\"twitter:data1\" content=\"ifp2\" \/>\n\t<meta name=\"twitter:label2\" content=\"Dur\u00e9e de lecture estim\u00e9e\" \/>\n\t<meta name=\"twitter:data2\" content=\"7 minutes\" \/>\n<script type=\"application\/ld+json\" class=\"yoast-schema-graph\">{\"@context\":\"https:\/\/schema.org\",\"@graph\":[{\"@type\":\"Article\",\"@id\":\"https:\/\/psychosynthese.fr\/index.php\/2016\/02\/19\/la-rencontre-assagioli-ferrucci\/#article\",\"isPartOf\":{\"@id\":\"https:\/\/psychosynthese.fr\/index.php\/2016\/02\/19\/la-rencontre-assagioli-ferrucci\/\"},\"author\":{\"name\":\"ifp2\",\"@id\":\"https:\/\/psychosynthese.fr\/#\/schema\/person\/89a4d60b5f41f5ee2e7293d2fe248114\"},\"headline\":\"La rencontre Assagioli \/ Ferrucci\",\"datePublished\":\"2016-02-19T09:55:35+00:00\",\"dateModified\":\"2019-03-11T15:00:10+00:00\",\"mainEntityOfPage\":{\"@id\":\"https:\/\/psychosynthese.fr\/index.php\/2016\/02\/19\/la-rencontre-assagioli-ferrucci\/\"},\"wordCount\":1482,\"publisher\":{\"@id\":\"https:\/\/psychosynthese.fr\/#organization\"},\"image\":{\"@id\":\"https:\/\/psychosynthese.fr\/index.php\/2016\/02\/19\/la-rencontre-assagioli-ferrucci\/#primaryimage\"},\"thumbnailUrl\":\"https:\/\/psychosynthese.fr\/wp-content\/uploads\/2019\/03\/capt-piero1.jpg\",\"articleSection\":[\"Articles\",\"Personnalit\u00e9s\"],\"inLanguage\":\"fr-FR\"},{\"@type\":\"WebPage\",\"@id\":\"https:\/\/psychosynthese.fr\/index.php\/2016\/02\/19\/la-rencontre-assagioli-ferrucci\/\",\"url\":\"https:\/\/psychosynthese.fr\/index.php\/2016\/02\/19\/la-rencontre-assagioli-ferrucci\/\",\"name\":\"La rencontre Assagioli \/ Ferrucci - Institut Fran\u00e7ais de Psychosynth\u00e8se\",\"isPartOf\":{\"@id\":\"https:\/\/psychosynthese.fr\/#website\"},\"primaryImageOfPage\":{\"@id\":\"https:\/\/psychosynthese.fr\/index.php\/2016\/02\/19\/la-rencontre-assagioli-ferrucci\/#primaryimage\"},\"image\":{\"@id\":\"https:\/\/psychosynthese.fr\/index.php\/2016\/02\/19\/la-rencontre-assagioli-ferrucci\/#primaryimage\"},\"thumbnailUrl\":\"https:\/\/psychosynthese.fr\/wp-content\/uploads\/2019\/03\/capt-piero1.jpg\",\"datePublished\":\"2016-02-19T09:55:35+00:00\",\"dateModified\":\"2019-03-11T15:00:10+00:00\",\"breadcrumb\":{\"@id\":\"https:\/\/psychosynthese.fr\/index.php\/2016\/02\/19\/la-rencontre-assagioli-ferrucci\/#breadcrumb\"},\"inLanguage\":\"fr-FR\",\"potentialAction\":[{\"@type\":\"ReadAction\",\"target\":[\"https:\/\/psychosynthese.fr\/index.php\/2016\/02\/19\/la-rencontre-assagioli-ferrucci\/\"]}]},{\"@type\":\"ImageObject\",\"inLanguage\":\"fr-FR\",\"@id\":\"https:\/\/psychosynthese.fr\/index.php\/2016\/02\/19\/la-rencontre-assagioli-ferrucci\/#primaryimage\",\"url\":\"https:\/\/psychosynthese.fr\/wp-content\/uploads\/2019\/03\/capt-piero1.jpg\",\"contentUrl\":\"https:\/\/psychosynthese.fr\/wp-content\/uploads\/2019\/03\/capt-piero1.jpg\",\"width\":735,\"height\":735},{\"@type\":\"BreadcrumbList\",\"@id\":\"https:\/\/psychosynthese.fr\/index.php\/2016\/02\/19\/la-rencontre-assagioli-ferrucci\/#breadcrumb\",\"itemListElement\":[{\"@type\":\"ListItem\",\"position\":1,\"name\":\"Accueil\",\"item\":\"https:\/\/psychosynthese.fr\/\"},{\"@type\":\"ListItem\",\"position\":2,\"name\":\"La rencontre Assagioli \/ Ferrucci\"}]},{\"@type\":\"WebSite\",\"@id\":\"https:\/\/psychosynthese.fr\/#website\",\"url\":\"https:\/\/psychosynthese.fr\/\",\"name\":\"Institut Fran\u00e7ais de Psychosynth\u00e8se\",\"description\":\"Formation en psychosynth\u00e8se\",\"publisher\":{\"@id\":\"https:\/\/psychosynthese.fr\/#organization\"},\"alternateName\":\"IFP\",\"potentialAction\":[{\"@type\":\"SearchAction\",\"target\":{\"@type\":\"EntryPoint\",\"urlTemplate\":\"https:\/\/psychosynthese.fr\/?s={search_term_string}\"},\"query-input\":{\"@type\":\"PropertyValueSpecification\",\"valueRequired\":true,\"valueName\":\"search_term_string\"}}],\"inLanguage\":\"fr-FR\"},{\"@type\":\"Organization\",\"@id\":\"https:\/\/psychosynthese.fr\/#organization\",\"name\":\"Institut Fran\u00e7ais de Psychosynth\u00e8se\",\"url\":\"https:\/\/psychosynthese.fr\/\",\"logo\":{\"@type\":\"ImageObject\",\"inLanguage\":\"fr-FR\",\"@id\":\"https:\/\/psychosynthese.fr\/#\/schema\/logo\/image\/\",\"url\":\"https:\/\/psychosynthese.fr\/wp-content\/uploads\/2017\/03\/cropped-cropped-logo-ifp-155.jpg\",\"contentUrl\":\"https:\/\/psychosynthese.fr\/wp-content\/uploads\/2017\/03\/cropped-cropped-logo-ifp-155.jpg\",\"width\":135,\"height\":135,\"caption\":\"Institut Fran\u00e7ais de Psychosynth\u00e8se\"},\"image\":{\"@id\":\"https:\/\/psychosynthese.fr\/#\/schema\/logo\/image\/\"},\"sameAs\":[\"https:\/\/www.facebook.com\/ifp.paris\",\"https:\/\/www.youtube.com\/channel\/UCKmHyF5IEF9hQ_UI4mmbYgw\"]},{\"@type\":\"Person\",\"@id\":\"https:\/\/psychosynthese.fr\/#\/schema\/person\/89a4d60b5f41f5ee2e7293d2fe248114\",\"name\":\"ifp2\",\"url\":\"https:\/\/psychosynthese.fr\/index.php\/author\/ifp\/\"}]}<\/script>\n<!-- \/ Yoast SEO plugin. -->","yoast_head_json":{"title":"La rencontre Assagioli \/ Ferrucci - Institut Fran\u00e7ais de Psychosynth\u00e8se","robots":{"index":"index","follow":"follow","max-snippet":"max-snippet:-1","max-image-preview":"max-image-preview:large","max-video-preview":"max-video-preview:-1"},"canonical":"https:\/\/psychosynthese.fr\/index.php\/2016\/02\/19\/la-rencontre-assagioli-ferrucci\/","og_locale":"fr_FR","og_type":"article","og_title":"La rencontre Assagioli \/ Ferrucci - Institut Fran\u00e7ais de Psychosynth\u00e8se","og_description":"Je rencontrai pour la premi\u00e8re fois Roberto Assagioli, le fondateur de la Psychosynth\u00e8se en 1969. Je revenai d\u2019un long s\u00e9jour en Californie, qui dans ces ann\u00e9es l\u00e0 \u00e9tait le creuset de nouvelles id\u00e9es; parmi celles-ci, certaines m\u2019int\u00e9ressaient davantage : la r\u00e9alisation de ses potentialit\u00e9s, la psychologie transpersonnelle, les \u00e9tats alt\u00e9r\u00e9s de conscience. J\u2019avais s\u00e9journ\u00e9 un [&hellip;]","og_url":"https:\/\/psychosynthese.fr\/index.php\/2016\/02\/19\/la-rencontre-assagioli-ferrucci\/","og_site_name":"Institut Fran\u00e7ais de Psychosynth\u00e8se","article_publisher":"https:\/\/www.facebook.com\/ifp.paris","article_published_time":"2016-02-19T09:55:35+00:00","article_modified_time":"2019-03-11T15:00:10+00:00","og_image":[{"width":735,"height":735,"url":"https:\/\/psychosynthese.fr\/wp-content\/uploads\/2019\/03\/capt-piero1.jpg","type":"image\/jpeg"}],"author":"ifp2","twitter_card":"summary_large_image","twitter_misc":{"\u00c9crit par":"ifp2","Dur\u00e9e de lecture estim\u00e9e":"7 minutes"},"schema":{"@context":"https:\/\/schema.org","@graph":[{"@type":"Article","@id":"https:\/\/psychosynthese.fr\/index.php\/2016\/02\/19\/la-rencontre-assagioli-ferrucci\/#article","isPartOf":{"@id":"https:\/\/psychosynthese.fr\/index.php\/2016\/02\/19\/la-rencontre-assagioli-ferrucci\/"},"author":{"name":"ifp2","@id":"https:\/\/psychosynthese.fr\/#\/schema\/person\/89a4d60b5f41f5ee2e7293d2fe248114"},"headline":"La rencontre Assagioli \/ Ferrucci","datePublished":"2016-02-19T09:55:35+00:00","dateModified":"2019-03-11T15:00:10+00:00","mainEntityOfPage":{"@id":"https:\/\/psychosynthese.fr\/index.php\/2016\/02\/19\/la-rencontre-assagioli-ferrucci\/"},"wordCount":1482,"publisher":{"@id":"https:\/\/psychosynthese.fr\/#organization"},"image":{"@id":"https:\/\/psychosynthese.fr\/index.php\/2016\/02\/19\/la-rencontre-assagioli-ferrucci\/#primaryimage"},"thumbnailUrl":"https:\/\/psychosynthese.fr\/wp-content\/uploads\/2019\/03\/capt-piero1.jpg","articleSection":["Articles","Personnalit\u00e9s"],"inLanguage":"fr-FR"},{"@type":"WebPage","@id":"https:\/\/psychosynthese.fr\/index.php\/2016\/02\/19\/la-rencontre-assagioli-ferrucci\/","url":"https:\/\/psychosynthese.fr\/index.php\/2016\/02\/19\/la-rencontre-assagioli-ferrucci\/","name":"La rencontre Assagioli \/ Ferrucci - Institut Fran\u00e7ais de Psychosynth\u00e8se","isPartOf":{"@id":"https:\/\/psychosynthese.fr\/#website"},"primaryImageOfPage":{"@id":"https:\/\/psychosynthese.fr\/index.php\/2016\/02\/19\/la-rencontre-assagioli-ferrucci\/#primaryimage"},"image":{"@id":"https:\/\/psychosynthese.fr\/index.php\/2016\/02\/19\/la-rencontre-assagioli-ferrucci\/#primaryimage"},"thumbnailUrl":"https:\/\/psychosynthese.fr\/wp-content\/uploads\/2019\/03\/capt-piero1.jpg","datePublished":"2016-02-19T09:55:35+00:00","dateModified":"2019-03-11T15:00:10+00:00","breadcrumb":{"@id":"https:\/\/psychosynthese.fr\/index.php\/2016\/02\/19\/la-rencontre-assagioli-ferrucci\/#breadcrumb"},"inLanguage":"fr-FR","potentialAction":[{"@type":"ReadAction","target":["https:\/\/psychosynthese.fr\/index.php\/2016\/02\/19\/la-rencontre-assagioli-ferrucci\/"]}]},{"@type":"ImageObject","inLanguage":"fr-FR","@id":"https:\/\/psychosynthese.fr\/index.php\/2016\/02\/19\/la-rencontre-assagioli-ferrucci\/#primaryimage","url":"https:\/\/psychosynthese.fr\/wp-content\/uploads\/2019\/03\/capt-piero1.jpg","contentUrl":"https:\/\/psychosynthese.fr\/wp-content\/uploads\/2019\/03\/capt-piero1.jpg","width":735,"height":735},{"@type":"BreadcrumbList","@id":"https:\/\/psychosynthese.fr\/index.php\/2016\/02\/19\/la-rencontre-assagioli-ferrucci\/#breadcrumb","itemListElement":[{"@type":"ListItem","position":1,"name":"Accueil","item":"https:\/\/psychosynthese.fr\/"},{"@type":"ListItem","position":2,"name":"La rencontre Assagioli \/ Ferrucci"}]},{"@type":"WebSite","@id":"https:\/\/psychosynthese.fr\/#website","url":"https:\/\/psychosynthese.fr\/","name":"Institut Fran\u00e7ais de Psychosynth\u00e8se","description":"Formation en psychosynth\u00e8se","publisher":{"@id":"https:\/\/psychosynthese.fr\/#organization"},"alternateName":"IFP","potentialAction":[{"@type":"SearchAction","target":{"@type":"EntryPoint","urlTemplate":"https:\/\/psychosynthese.fr\/?s={search_term_string}"},"query-input":{"@type":"PropertyValueSpecification","valueRequired":true,"valueName":"search_term_string"}}],"inLanguage":"fr-FR"},{"@type":"Organization","@id":"https:\/\/psychosynthese.fr\/#organization","name":"Institut Fran\u00e7ais de Psychosynth\u00e8se","url":"https:\/\/psychosynthese.fr\/","logo":{"@type":"ImageObject","inLanguage":"fr-FR","@id":"https:\/\/psychosynthese.fr\/#\/schema\/logo\/image\/","url":"https:\/\/psychosynthese.fr\/wp-content\/uploads\/2017\/03\/cropped-cropped-logo-ifp-155.jpg","contentUrl":"https:\/\/psychosynthese.fr\/wp-content\/uploads\/2017\/03\/cropped-cropped-logo-ifp-155.jpg","width":135,"height":135,"caption":"Institut Fran\u00e7ais de Psychosynth\u00e8se"},"image":{"@id":"https:\/\/psychosynthese.fr\/#\/schema\/logo\/image\/"},"sameAs":["https:\/\/www.facebook.com\/ifp.paris","https:\/\/www.youtube.com\/channel\/UCKmHyF5IEF9hQ_UI4mmbYgw"]},{"@type":"Person","@id":"https:\/\/psychosynthese.fr\/#\/schema\/person\/89a4d60b5f41f5ee2e7293d2fe248114","name":"ifp2","url":"https:\/\/psychosynthese.fr\/index.php\/author\/ifp\/"}]}},"_links":{"self":[{"href":"https:\/\/psychosynthese.fr\/index.php\/wp-json\/wp\/v2\/posts\/75","targetHints":{"allow":["GET"]}}],"collection":[{"href":"https:\/\/psychosynthese.fr\/index.php\/wp-json\/wp\/v2\/posts"}],"about":[{"href":"https:\/\/psychosynthese.fr\/index.php\/wp-json\/wp\/v2\/types\/post"}],"author":[{"embeddable":true,"href":"https:\/\/psychosynthese.fr\/index.php\/wp-json\/wp\/v2\/users\/1"}],"replies":[{"embeddable":true,"href":"https:\/\/psychosynthese.fr\/index.php\/wp-json\/wp\/v2\/comments?post=75"}],"version-history":[{"count":4,"href":"https:\/\/psychosynthese.fr\/index.php\/wp-json\/wp\/v2\/posts\/75\/revisions"}],"predecessor-version":[{"id":897,"href":"https:\/\/psychosynthese.fr\/index.php\/wp-json\/wp\/v2\/posts\/75\/revisions\/897"}],"wp:featuredmedia":[{"embeddable":true,"href":"https:\/\/psychosynthese.fr\/index.php\/wp-json\/wp\/v2\/media\/895"}],"wp:attachment":[{"href":"https:\/\/psychosynthese.fr\/index.php\/wp-json\/wp\/v2\/media?parent=75"}],"wp:term":[{"taxonomy":"category","embeddable":true,"href":"https:\/\/psychosynthese.fr\/index.php\/wp-json\/wp\/v2\/categories?post=75"},{"taxonomy":"post_tag","embeddable":true,"href":"https:\/\/psychosynthese.fr\/index.php\/wp-json\/wp\/v2\/tags?post=75"}],"curies":[{"name":"wp","href":"https:\/\/api.w.org\/{rel}","templated":true}]}}